{"id":71697,"date":"2019-12-30T15:19:02","date_gmt":"2019-12-30T20:19:02","guid":{"rendered":"https:\/\/linitiative.ca\/International\/generalisation-du-sac-papier-700-boulangeries-identifiees\/"},"modified":"2019-12-30T15:19:02","modified_gmt":"2019-12-30T20:19:02","slug":"generalisation-du-sac-papier-700-boulangeries-identifiees","status":"publish","type":"post","link":"https:\/\/linitiative.ca\/International\/generalisation-du-sac-papier-700-boulangeries-identifiees\/","title":{"rendered":"G\u00e9n\u00e9ralisation du sac papier : 700 boulangeries identifi\u00e9es"},"content":{"rendered":"<p>Pr\u00e8s de 700 boulangeries ont \u00e9t\u00e9 identifi\u00e9es dans la wilaya d\u2019Alger pour lancer la campagne de g\u00e9n\u00e9ralisation de l\u2019utilisation du sac papier dans une premi\u00e8re op\u00e9ration pilote, a indiqu\u00e9 hier un communiqu\u00e9 du minist\u00e8re du Commerce.<br \/>\u00a0A cet effet, le ministre du Commerce, Sa\u00efd Djellab, a pr\u00e9sid\u00e9 hier\u00a0 une r\u00e9union consacr\u00e9e \u00e0 la campagne de g\u00e9n\u00e9ralisation de l\u2019utilisation du sac papier, lanc\u00e9e lors de l\u2019inauguration de la Foire de la production alg\u00e9rienne (FPA-2019), en parall\u00e8le avec la campagne sur le gaspillage du pain, a pr\u00e9cis\u00e9 le minist\u00e8re.<br \/>\u00a0 Cette rencontre a vu la participation des diff\u00e9rents acteurs concern\u00e9s dont des producteurs d\u2019emballage, des minotiers, des associations professionnelles et de protection de consommateurs, pour d\u00e9finir les m\u00e9canismes de mise en \u0153uvre de cette campagne \u00abqui d\u00e9butera \u00e0 titre d\u2019op\u00e9ration pilote \u00e0 Alger\u00bb, a soulign\u00e9 le communiqu\u00e9.<br \/>\u00a0Cette op\u00e9ration devrait concerner dans un premier temps pr\u00e8s de 700 boulangeries identifi\u00e9es pour son lancement, a indiqu\u00e9 la m\u00eame source.<br \/>\u00a0\u00abCette d\u00e9marche progressive et inclusive sera g\u00e9n\u00e9ralis\u00e9e sur le territoire national apr\u00e8s \u00e9valuation de l\u2019op\u00e9ration pilote\u00bb, souligne le minist\u00e8re, ajoutant que l\u2019ensemble des parties prenantes ont marqu\u00e9 \u00ableur engagement et leur adh\u00e9sion pour r\u00e9ussir cette campagne d\u2019int\u00e9r\u00eat national\u00bb.<br \/>\u00a0En appui \u00e0 cette op\u00e9ration, un programme sp\u00e9cial de m\u00e9diatisation sera d\u00e9fini avec l\u2019ensemble des partenaires et lanc\u00e9 \u00e0 travers les diff\u00e9rents organes de presse et les r\u00e9seaux sociaux.<\/p>\n<p>Auteur: elmoudjahid<br \/>\n<a href=\"http:\/\/www.elmoudjahid.com\/fr\/actualites\/146502\">Cliquez ici pour lire l&rsquo;article depuis sa source.<\/a><\/p>\n","protected":false},"excerpt":{"rendered":"<p>Pr\u00e8s de 700 boulangeries ont \u00e9t\u00e9 identifi\u00e9es dans la wilaya d\u2019Alger pour lancer la campagne de g\u00e9n\u00e9ralisation de l\u2019utilisation du sac papier dans une premi\u00e8re op\u00e9ration pilote, a indiqu\u00e9 hier un communiqu\u00e9 du minist\u00e8re du Commerce.\u00a0A cet effet, le ministre du Commerce, Sa\u00efd Djellab, a pr\u00e9sid\u00e9 hier\u00a0 une r\u00e9union consacr\u00e9e \u00e0 la campagne de g\u00e9n\u00e9ralisation [&hellip;]<\/p>\n","protected":false},"author":1744,"featured_media":0,"comment_status":"closed","ping_status":"closed","sticky":false,"template":"","format":"standard","meta":{"fifu_image_url":"","fifu_image_alt":"","footnotes":""},"categories":[73,53],"tags":[],"class_list":["post-71697","post","type-post","status-publish","format-standard","hentry","category-actualite","category-algerie"],"_links":{"self":[{"href":"https:\/\/linitiative.ca\/International\/wp-json\/wp\/v2\/posts\/71697","targetHints":{"allow":["GET"]}}],"collection":[{"href":"https:\/\/linitiative.ca\/International\/wp-json\/wp\/v2\/posts"}],"about":[{"href":"https:\/\/linitiative.ca\/International\/wp-json\/wp\/v2\/types\/post"}],"author":[{"embeddable":true,"href":"https:\/\/linitiative.ca\/International\/wp-json\/wp\/v2\/users\/1744"}],"replies":[{"embeddable":true,"href":"https:\/\/linitiative.ca\/International\/wp-json\/wp\/v2\/comments?post=71697"}],"version-history":[{"count":0,"href":"https:\/\/linitiative.ca\/International\/wp-json\/wp\/v2\/posts\/71697\/revisions"}],"wp:attachment":[{"href":"https:\/\/linitiative.ca\/International\/wp-json\/wp\/v2\/media?parent=71697"}],"wp:term":[{"taxonomy":"category","embeddable":true,"href":"https:\/\/linitiative.ca\/International\/wp-json\/wp\/v2\/categories?post=71697"},{"taxonomy":"post_tag","embeddable":true,"href":"https:\/\/linitiative.ca\/International\/wp-json\/wp\/v2\/tags?post=71697"}],"curies":[{"name":"wp","href":"https:\/\/api.w.org\/{rel}","templated":true}]}}