{"id":71698,"date":"2019-12-30T15:19:03","date_gmt":"2019-12-30T20:19:03","guid":{"rendered":"https:\/\/linitiative.ca\/International\/ordre-du-merite-berraf-nos-compatriotes-a-letranger-ont-insiste-pour-honorer-benzema\/"},"modified":"2019-12-30T15:19:03","modified_gmt":"2019-12-30T20:19:03","slug":"ordre-du-merite-berraf-nos-compatriotes-a-letranger-ont-insiste-pour-honorer-benzema","status":"publish","type":"post","link":"https:\/\/linitiative.ca\/International\/ordre-du-merite-berraf-nos-compatriotes-a-letranger-ont-insiste-pour-honorer-benzema\/","title":{"rendered":"Ordre du m\u00e9rite : Berraf: \u00abNos compatriotes \u00e0 l\u2019\u00e9tranger ont insist\u00e9 pour honorer Benzema\u00bb"},"content":{"rendered":"<p>La d\u00e9cision de d\u00e9cerner l\u2019Ordre du m\u00e9rite olympique \u00e0 l\u2019attaquant franco-alg\u00e9rien du Real Madrid Karim Benzema a \u00e9t\u00e9 prise \u00aben r\u00e9ponse \u00e0 la forte demande de la communaut\u00e9 alg\u00e9rienne r\u00e9sidant \u00e0 l\u2019\u00e9tranger\u00bb, a indiqu\u00e9, hier \u00e0 Alger, le pr\u00e9sident du Comit\u00e9 olympique et sportif alg\u00e9rien (COA), Mustapha Berraf.<br \/>\u00a0\u00abPour donner aux gens une id\u00e9e du nombre consid\u00e9rable de personnes qui ont insist\u00e9 pour d\u00e9cerner ce titre \u00e0 Benzema, je dirai qu\u2019ils \u00e9taient presque aussi nombreux que les fans de Djamel Belmadi apr\u00e8s son sacre en Coupe d\u2019Afrique des nations. Donc, pour prouver \u00e0 nos compatriotes qui r\u00e9sident \u00e0 l\u2019\u00e9tranger que leur avis compte et qu\u2019ils ne sont pas marginalis\u00e9s, nous avons acc\u00e9d\u00e9 \u00e0 leur demande\u00bb, a d\u00e9clar\u00e9 le premier responsable du COA en conf\u00e9rence de presse au Mus\u00e9e olympique.<br \/>\u00a0Selon Berraf, le COA ne d\u00e9cide pas seul de l\u2019attribution de cette importante distinction, mais le fait en concertation avec diff\u00e9rentes associations qui lui soumettent leurs propositions.\u00a0 \u00abJe suis parfaitement conscient que de nombreuses personnalit\u00e9s locales m\u00e9ritent tout autant de recevoir cet Ordre du m\u00e9rite olympique. Mais le fait est que nous ne pouvons pas toutes les honorer en m\u00eame temps\u00bb, a-t-il ajout\u00e9, sans pr\u00e9ciser s\u2019il allait maintenir la d\u00e9cision d\u2019honorer Benzema ou pas, apr\u00e8s le bruit qu\u2019a fait cette annonce.\u00a0 En attendant, le COA a d\u00e9cern\u00e9 cet Ordre du m\u00e9rite olympique, \u00e0 titre posthume, \u00e0 l\u2019ancien Pr\u00e9sident-directeur g\u00e9n\u00e9ral du groupe Echourouk, Ali Fodil, d\u00e9c\u00e9d\u00e9 en octobre dernier, pendant une c\u00e9r\u00e9monie organis\u00e9e sp\u00e9cialement \u00e0 cet effet, hier matin au Mus\u00e9e olympique.<\/p>\n<p>Auteur: elmoudjahid<br \/>\n<a href=\"http:\/\/www.elmoudjahid.com\/fr\/actualites\/146503\">Cliquez ici pour lire l&rsquo;article depuis sa source.<\/a><\/p>\n","protected":false},"excerpt":{"rendered":"<p>La d\u00e9cision de d\u00e9cerner l\u2019Ordre du m\u00e9rite olympique \u00e0 l\u2019attaquant franco-alg\u00e9rien du Real Madrid Karim Benzema a \u00e9t\u00e9 prise \u00aben r\u00e9ponse \u00e0 la forte demande de la communaut\u00e9 alg\u00e9rienne r\u00e9sidant \u00e0 l\u2019\u00e9tranger\u00bb, a indiqu\u00e9, hier \u00e0 Alger, le pr\u00e9sident du Comit\u00e9 olympique et sportif alg\u00e9rien (COA), Mustapha Berraf.\u00a0\u00abPour donner aux gens une id\u00e9e du nombre [&hellip;]<\/p>\n","protected":false},"author":1744,"featured_media":0,"comment_status":"closed","ping_status":"closed","sticky":false,"template":"","format":"standard","meta":{"fifu_image_url":"","fifu_image_alt":"","footnotes":""},"categories":[73,53],"tags":[],"class_list":["post-71698","post","type-post","status-publish","format-standard","hentry","category-actualite","category-algerie"],"_links":{"self":[{"href":"https:\/\/linitiative.ca\/International\/wp-json\/wp\/v2\/posts\/71698","targetHints":{"allow":["GET"]}}],"collection":[{"href":"https:\/\/linitiative.ca\/International\/wp-json\/wp\/v2\/posts"}],"about":[{"href":"https:\/\/linitiative.ca\/International\/wp-json\/wp\/v2\/types\/post"}],"author":[{"embeddable":true,"href":"https:\/\/linitiative.ca\/International\/wp-json\/wp\/v2\/users\/1744"}],"replies":[{"embeddable":true,"href":"https:\/\/linitiative.ca\/International\/wp-json\/wp\/v2\/comments?post=71698"}],"version-history":[{"count":0,"href":"https:\/\/linitiative.ca\/International\/wp-json\/wp\/v2\/posts\/71698\/revisions"}],"wp:attachment":[{"href":"https:\/\/linitiative.ca\/International\/wp-json\/wp\/v2\/media?parent=71698"}],"wp:term":[{"taxonomy":"category","embeddable":true,"href":"https:\/\/linitiative.ca\/International\/wp-json\/wp\/v2\/categories?post=71698"},{"taxonomy":"post_tag","embeddable":true,"href":"https:\/\/linitiative.ca\/International\/wp-json\/wp\/v2\/tags?post=71698"}],"curies":[{"name":"wp","href":"https:\/\/api.w.org\/{rel}","templated":true}]}}