{"id":71699,"date":"2019-12-30T15:19:05","date_gmt":"2019-12-30T20:19:05","guid":{"rendered":"https:\/\/linitiative.ca\/International\/office-national-de-la-culture-et-de-linformation-abdallah-bouguendoura-nouveau-dg\/"},"modified":"2019-12-30T15:19:05","modified_gmt":"2019-12-30T20:19:05","slug":"office-national-de-la-culture-et-de-linformation-abdallah-bouguendoura-nouveau-dg","status":"publish","type":"post","link":"https:\/\/linitiative.ca\/International\/office-national-de-la-culture-et-de-linformation-abdallah-bouguendoura-nouveau-dg\/","title":{"rendered":"Office national de la culture et de l\u2019information : Abdallah Bouguendoura nouveau DG"},"content":{"rendered":"<p>Abdallah Bouguendoura a \u00e9t\u00e9 nomm\u00e9, hier, au poste de directeur g\u00e9n\u00e9ral de l\u2019Office national de la culture et de l\u2019information (Onci) en remplacement de Mourad Ouadahi, a indiqu\u00e9 le minist\u00e8re de la Culture sur sa page Facebook. Avant cette nomination, Abdallah Bouguendoura a occup\u00e9 le poste de directeur de la culture de wilaya et celui de directeur de l\u2019organisation de la diffusion du produit culturel au minist\u00e8re de la Culture, entre autres.<\/p>\n<p>Auteur: elmoudjahid<br \/>\n<a href=\"http:\/\/www.elmoudjahid.com\/fr\/actualites\/146504\">Cliquez ici pour lire l&rsquo;article depuis sa source.<\/a><\/p>\n","protected":false},"excerpt":{"rendered":"<p>Abdallah Bouguendoura a \u00e9t\u00e9 nomm\u00e9, hier, au poste de directeur g\u00e9n\u00e9ral de l\u2019Office national de la culture et de l\u2019information (Onci) en remplacement de Mourad Ouadahi, a indiqu\u00e9 le minist\u00e8re de la Culture sur sa page Facebook. Avant cette nomination, Abdallah Bouguendoura a occup\u00e9 le poste de directeur de la culture de wilaya et celui [&hellip;]<\/p>\n","protected":false},"author":1744,"featured_media":0,"comment_status":"closed","ping_status":"closed","sticky":false,"template":"","format":"standard","meta":{"fifu_image_url":"","fifu_image_alt":"","footnotes":""},"categories":[73,53],"tags":[],"class_list":["post-71699","post","type-post","status-publish","format-standard","hentry","category-actualite","category-algerie"],"_links":{"self":[{"href":"https:\/\/linitiative.ca\/International\/wp-json\/wp\/v2\/posts\/71699","targetHints":{"allow":["GET"]}}],"collection":[{"href":"https:\/\/linitiative.ca\/International\/wp-json\/wp\/v2\/posts"}],"about":[{"href":"https:\/\/linitiative.ca\/International\/wp-json\/wp\/v2\/types\/post"}],"author":[{"embeddable":true,"href":"https:\/\/linitiative.ca\/International\/wp-json\/wp\/v2\/users\/1744"}],"replies":[{"embeddable":true,"href":"https:\/\/linitiative.ca\/International\/wp-json\/wp\/v2\/comments?post=71699"}],"version-history":[{"count":0,"href":"https:\/\/linitiative.ca\/International\/wp-json\/wp\/v2\/posts\/71699\/revisions"}],"wp:attachment":[{"href":"https:\/\/linitiative.ca\/International\/wp-json\/wp\/v2\/media?parent=71699"}],"wp:term":[{"taxonomy":"category","embeddable":true,"href":"https:\/\/linitiative.ca\/International\/wp-json\/wp\/v2\/categories?post=71699"},{"taxonomy":"post_tag","embeddable":true,"href":"https:\/\/linitiative.ca\/International\/wp-json\/wp\/v2\/tags?post=71699"}],"curies":[{"name":"wp","href":"https:\/\/api.w.org\/{rel}","templated":true}]}}