{"id":71700,"date":"2019-12-30T15:19:07","date_gmt":"2019-12-30T20:19:07","guid":{"rendered":"https:\/\/linitiative.ca\/International\/diplomatie-agrement-a-la-nomination-du-nouvel-ambassadeur-dalgerie-au-nigeria\/"},"modified":"2019-12-30T15:19:07","modified_gmt":"2019-12-30T20:19:07","slug":"diplomatie-agrement-a-la-nomination-du-nouvel-ambassadeur-dalgerie-au-nigeria","status":"publish","type":"post","link":"https:\/\/linitiative.ca\/International\/diplomatie-agrement-a-la-nomination-du-nouvel-ambassadeur-dalgerie-au-nigeria\/","title":{"rendered":"Diplomatie : Agr\u00e9ment \u00e0 la nomination du nouvel ambassadeur d\u2019Alg\u00e9rie au Nigeria"},"content":{"rendered":"<p>Le gouvernement nig\u00e9rian a donn\u00e9 son agr\u00e9ment \u00e0 la nomination de M. Hocine Latli, en qualit\u00e9 d\u2019ambassadeur extraordinaire et pl\u00e9nipotentiaire de la R\u00e9publique alg\u00e9rienne d\u00e9mocratique et populaire aupr\u00e8s de la R\u00e9publique f\u00e9d\u00e9rale du Nigeria, a indiqu\u00e9 hier le minist\u00e8re des Affaires \u00e9trang\u00e8res dans un communiqu\u00e9.<\/p>\n<p>Auteur: elmoudjahid<br \/>\n<a href=\"http:\/\/www.elmoudjahid.com\/fr\/actualites\/146505\">Cliquez ici pour lire l&rsquo;article depuis sa source.<\/a><\/p>\n","protected":false},"excerpt":{"rendered":"<p>Le gouvernement nig\u00e9rian a donn\u00e9 son agr\u00e9ment \u00e0 la nomination de M. Hocine Latli, en qualit\u00e9 d\u2019ambassadeur extraordinaire et pl\u00e9nipotentiaire de la R\u00e9publique alg\u00e9rienne d\u00e9mocratique et populaire aupr\u00e8s de la R\u00e9publique f\u00e9d\u00e9rale du Nigeria, a indiqu\u00e9 hier le minist\u00e8re des Affaires \u00e9trang\u00e8res dans un communiqu\u00e9. Auteur: elmoudjahid Cliquez ici pour lire l&rsquo;article depuis sa source.<\/p>\n","protected":false},"author":1744,"featured_media":0,"comment_status":"closed","ping_status":"closed","sticky":false,"template":"","format":"standard","meta":{"fifu_image_url":"","fifu_image_alt":"","footnotes":""},"categories":[73,53],"tags":[],"class_list":["post-71700","post","type-post","status-publish","format-standard","hentry","category-actualite","category-algerie"],"_links":{"self":[{"href":"https:\/\/linitiative.ca\/International\/wp-json\/wp\/v2\/posts\/71700","targetHints":{"allow":["GET"]}}],"collection":[{"href":"https:\/\/linitiative.ca\/International\/wp-json\/wp\/v2\/posts"}],"about":[{"href":"https:\/\/linitiative.ca\/International\/wp-json\/wp\/v2\/types\/post"}],"author":[{"embeddable":true,"href":"https:\/\/linitiative.ca\/International\/wp-json\/wp\/v2\/users\/1744"}],"replies":[{"embeddable":true,"href":"https:\/\/linitiative.ca\/International\/wp-json\/wp\/v2\/comments?post=71700"}],"version-history":[{"count":0,"href":"https:\/\/linitiative.ca\/International\/wp-json\/wp\/v2\/posts\/71700\/revisions"}],"wp:attachment":[{"href":"https:\/\/linitiative.ca\/International\/wp-json\/wp\/v2\/media?parent=71700"}],"wp:term":[{"taxonomy":"category","embeddable":true,"href":"https:\/\/linitiative.ca\/International\/wp-json\/wp\/v2\/categories?post=71700"},{"taxonomy":"post_tag","embeddable":true,"href":"https:\/\/linitiative.ca\/International\/wp-json\/wp\/v2\/tags?post=71700"}],"curies":[{"name":"wp","href":"https:\/\/api.w.org\/{rel}","templated":true}]}}