{"id":71705,"date":"2019-12-30T11:43:00","date_gmt":"2019-12-30T16:43:00","guid":{"rendered":"https:\/\/linitiative.ca\/International\/bedrabine-mokrani-sidi-bel-abbes-les-citoyens-ferment-le-siege-de-la-mairie\/"},"modified":"2019-12-30T11:43:00","modified_gmt":"2019-12-30T16:43:00","slug":"bedrabine-mokrani-sidi-bel-abbes-les-citoyens-ferment-le-siege-de-la-mairie","status":"publish","type":"post","link":"https:\/\/linitiative.ca\/International\/bedrabine-mokrani-sidi-bel-abbes-les-citoyens-ferment-le-siege-de-la-mairie\/","title":{"rendered":"BEDRABINE MOKRANI (SIDI BEL ABBES)   : Les citoyens ferment le si\u00e8ge de la mairie"},"content":{"rendered":"<p><br id=\"sep_para_1\" class=\"sep_para access\"\/><\/p>\n<div id=\"para_1\" class=\"para_34765287 resize\">\n<div class=\"texte access firstletter\">Des dizaines de citoyens, en majorit\u00e9 des jeunes de Bedrabine El Mokrani ,relevant de la Da\u00efra de Ben Badis,35 km au sud -Ouest de Sidi Bel Abb\u00e8s, n&rsquo;ont fait de mieux ce lundi 30 d\u00e9cembre 2019 que d&rsquo;aller d\u00e8s les premi\u00e8res heures fermer le si\u00e8ge de la mairie, pour faire part de tous les sentiments de m\u00e9contentement envers les \u00e9lus de l&rsquo;APC. A une question de conna\u00eetre les desseins et\u00a0 motifs de ce sit-in organis\u00e9 subitement, les repr\u00e9sentants des protestataires lanc\u00e8rent, non sans col\u00e8re, qu&rsquo;ils ne demandent rien que le d\u00e9part de l&rsquo;ensemble des \u00e9lus de la communes ,toutes ob\u00e9diences confondues, resterait leur seule et unique revendication.\u00a0 \u00a0\u00bbIls ont failli \u00e0 leur mission, \u00e0 la t\u00eate de l&rsquo;APC, ne cessaient-ils de scander, faisant allusion au maire et les 12 autres membres.\u00a0 \u00a0\u00bbNotre localit\u00e9 n&rsquo;a jamais avanc\u00e9 d&rsquo;un iota en mati\u00e8re de d\u00e9veloppement local, en comparaison avec d&rsquo;autres villages avoisinants, ajoutaient d&rsquo;autres jeunes visiblement m\u00e9contents; ces \u00e9lus que nous avons d\u00e9sign\u00e9s \u00e0 l&rsquo;unanimit\u00e9 n&rsquo;ont\u00a0 \u00e9galement rien fait pour am\u00e9liorer notre cadre de vie ,au contraire, en sombrant dans les affres du mutisme et du laisser-aller g\u00e9n\u00e9ral, la situation est all\u00e9e du mal au pis\u00a0\u00bb!\u00a0 \u00a0\u00bbNous resterons quotidiennement devant le si\u00e8ge de la mairie et persisterons contre les \u00e9lus d\u00e9cri\u00e9s, jusqu&rsquo;\u00e0 ce qu&rsquo;ils d\u00e9guerpissent sous notre forte pression\u00a0\u00bb,\u00a0 concluent d&rsquo;autres\u00a0 repr\u00e9sentants du mouvement.\u00a0\u00a0\u00a0\u00a0\u00a0\u00a0\u00a0<\/div>\n<\/div>\n<p>Auteur: N.Moussa<br \/>\n<a href=\"https:\/\/www.reflexiondz.net\/BEDRABINE-MOKRANI-SIDI-BEL-ABBES-Les-citoyens-ferment-le-siege-de-la-mairie_a59708.html\">Cliquez ici pour lire l&rsquo;article depuis sa source.<\/a><\/p>\n","protected":false},"excerpt":{"rendered":"<p>Des dizaines de citoyens, en majorit\u00e9 des jeunes de Bedrabine El Mokrani ,relevant de la Da\u00efra de Ben Badis,35 km au sud -Ouest de Sidi Bel Abb\u00e8s, n&rsquo;ont fait de mieux ce lundi 30 d\u00e9cembre 2019 que d&rsquo;aller d\u00e8s les premi\u00e8res heures fermer le si\u00e8ge de la mairie, pour faire part de tous les sentiments [&hellip;]<\/p>\n","protected":false},"author":1740,"featured_media":0,"comment_status":"closed","ping_status":"closed","sticky":false,"template":"","format":"standard","meta":{"fifu_image_url":"","fifu_image_alt":"","footnotes":""},"categories":[53,76],"tags":[],"class_list":["post-71705","post","type-post","status-publish","format-standard","hentry","category-algerie","category-regions"],"_links":{"self":[{"href":"https:\/\/linitiative.ca\/International\/wp-json\/wp\/v2\/posts\/71705","targetHints":{"allow":["GET"]}}],"collection":[{"href":"https:\/\/linitiative.ca\/International\/wp-json\/wp\/v2\/posts"}],"about":[{"href":"https:\/\/linitiative.ca\/International\/wp-json\/wp\/v2\/types\/post"}],"author":[{"embeddable":true,"href":"https:\/\/linitiative.ca\/International\/wp-json\/wp\/v2\/users\/1740"}],"replies":[{"embeddable":true,"href":"https:\/\/linitiative.ca\/International\/wp-json\/wp\/v2\/comments?post=71705"}],"version-history":[{"count":0,"href":"https:\/\/linitiative.ca\/International\/wp-json\/wp\/v2\/posts\/71705\/revisions"}],"wp:attachment":[{"href":"https:\/\/linitiative.ca\/International\/wp-json\/wp\/v2\/media?parent=71705"}],"wp:term":[{"taxonomy":"category","embeddable":true,"href":"https:\/\/linitiative.ca\/International\/wp-json\/wp\/v2\/categories?post=71705"},{"taxonomy":"post_tag","embeddable":true,"href":"https:\/\/linitiative.ca\/International\/wp-json\/wp\/v2\/tags?post=71705"}],"curies":[{"name":"wp","href":"https:\/\/api.w.org\/{rel}","templated":true}]}}