{"id":71706,"date":"2019-12-30T11:43:00","date_gmt":"2019-12-30T16:43:00","guid":{"rendered":"https:\/\/linitiative.ca\/International\/tissemsilt-de-la-viande-impropre-a-la-consommation-saisie-dans-2-endroits\/"},"modified":"2019-12-30T11:43:00","modified_gmt":"2019-12-30T16:43:00","slug":"tissemsilt-de-la-viande-impropre-a-la-consommation-saisie-dans-2-endroits","status":"publish","type":"post","link":"https:\/\/linitiative.ca\/International\/tissemsilt-de-la-viande-impropre-a-la-consommation-saisie-dans-2-endroits\/","title":{"rendered":"TISSEMSILT : De la viande impropre \u00e0 la consommation saisie dans 2 endroits"},"content":{"rendered":"<p><br id=\"sep_para_1\" class=\"sep_para access\"\/><\/p>\n<div id=\"para_1\" class=\"para_34765285 resize\">\n<div class=\"texte access firstletter\">L\u2019attention des \u00e9l\u00e9ments de la police qui effectuaient une patrouille ordinaire au niveau de la ville a \u00e9t\u00e9 attir\u00e9e par la pr\u00e9sence de deux personnes suspectes pr\u00e8s d\u2019une voiture d\u2019o\u00f9 se d\u00e9gageait une odeur repoussante. Apr\u00e8s v\u00e9rification, il s\u2019est av\u00e9r\u00e9 que les mis en cause transportaient et cachaient de la viande de poulet avari\u00e9e \u00e9manant\u00a0 d\u2019une source inconnue,\u00a0 ne disposent m\u00eame pas d\u2019un certificat v\u00e9t\u00e9rinaire. Les services de police ont aussit\u00f4t transf\u00e9r\u00e9 la marchandise suspecte au bureau d\u2019hygi\u00e8ne communal, o\u00f9 il sera vite confirm\u00e9 par un v\u00e9t\u00e9rinaire que cette viande blanche de 120 kilogrammes saisie est impropre \u00e0 la consommation. Dans le m\u00eame volet de lutte contre le ph\u00e9nom\u00e8ne de la commercialisation illicite de la viande blanche et rouge sans respect des normes , qui prend de l\u2019ampleur au point de devenir difficile de l\u2019endiguer, les m\u00eames services de la police mais cette fois-ci ceux\u00a0 de la police extra-muros de Layoune relevant de la s\u00fbret\u00e9 de da\u00efra de Khemisti ont r\u00e9ussi \u00e0 interpeller deux personnes qui vendaient de la viande rouge au march\u00e9 hebdomadaire sans respect des normes de l\u2019hygi\u00e8ne et sans avoir un certificat\u00a0 v\u00e9t\u00e9rinaire, la quantit\u00e9 saisie \u00e9tait de 67 kilogrammes. Un v\u00e9t\u00e9rinaire a vite confirm\u00e9 que cette viande rouge de 67 kilogrammes saisie \u00e9tait impropre \u00e0 la consommation. Soulignant enfin que la marchandise saisie dans les deux affaires a \u00e9t\u00e9 d\u00e9truite, les services de la s\u00fbret\u00e9 ont dress\u00e9 des proc\u00e8s-verbaux en vue d\u2019engager une proc\u00e9dure judiciaire pour la premi\u00e8re affaire pr\u00e8s le tribunal de Tissemsilt et pour la deuxi\u00e8me affaire pr\u00e8s le tribunal de Teniet El-Had , pour absence de conditions de transport et d\u2019emballage de viande, absence de certificat v\u00e9t\u00e9rinaire et commercialisation de viande impropre \u00e0 la consommation.\u00a0\u00a0\u00a0\u00a0\u00a0\u00a0\u00a0\u00a0\u00a0\u00a0\u00a0\u00a0\u00a0\u00a0\u00a0\u00a0\u00a0<\/div>\n<\/div>\n<p>Auteur: A.Ould El Hadri<br \/>\n<a href=\"https:\/\/www.reflexiondz.net\/TISSEMSILT-De-la-viande-impropre-a-la-consommation-saisie-dans-2-endroits_a59707.html\">Cliquez ici pour lire l&rsquo;article depuis sa source.<\/a><\/p>\n","protected":false},"excerpt":{"rendered":"<p>L\u2019attention des \u00e9l\u00e9ments de la police qui effectuaient une patrouille ordinaire au niveau de la ville a \u00e9t\u00e9 attir\u00e9e par la pr\u00e9sence de deux personnes suspectes pr\u00e8s d\u2019une voiture d\u2019o\u00f9 se d\u00e9gageait une odeur repoussante. Apr\u00e8s v\u00e9rification, il s\u2019est av\u00e9r\u00e9 que les mis en cause transportaient et cachaient de la viande de poulet avari\u00e9e \u00e9manant\u00a0 [&hellip;]<\/p>\n","protected":false},"author":1740,"featured_media":0,"comment_status":"closed","ping_status":"closed","sticky":false,"template":"","format":"standard","meta":{"fifu_image_url":"","fifu_image_alt":"","footnotes":""},"categories":[53,76],"tags":[],"class_list":["post-71706","post","type-post","status-publish","format-standard","hentry","category-algerie","category-regions"],"_links":{"self":[{"href":"https:\/\/linitiative.ca\/International\/wp-json\/wp\/v2\/posts\/71706","targetHints":{"allow":["GET"]}}],"collection":[{"href":"https:\/\/linitiative.ca\/International\/wp-json\/wp\/v2\/posts"}],"about":[{"href":"https:\/\/linitiative.ca\/International\/wp-json\/wp\/v2\/types\/post"}],"author":[{"embeddable":true,"href":"https:\/\/linitiative.ca\/International\/wp-json\/wp\/v2\/users\/1740"}],"replies":[{"embeddable":true,"href":"https:\/\/linitiative.ca\/International\/wp-json\/wp\/v2\/comments?post=71706"}],"version-history":[{"count":0,"href":"https:\/\/linitiative.ca\/International\/wp-json\/wp\/v2\/posts\/71706\/revisions"}],"wp:attachment":[{"href":"https:\/\/linitiative.ca\/International\/wp-json\/wp\/v2\/media?parent=71706"}],"wp:term":[{"taxonomy":"category","embeddable":true,"href":"https:\/\/linitiative.ca\/International\/wp-json\/wp\/v2\/categories?post=71706"},{"taxonomy":"post_tag","embeddable":true,"href":"https:\/\/linitiative.ca\/International\/wp-json\/wp\/v2\/tags?post=71706"}],"curies":[{"name":"wp","href":"https:\/\/api.w.org\/{rel}","templated":true}]}}