{"id":71707,"date":"2019-12-30T11:49:00","date_gmt":"2019-12-30T16:49:00","guid":{"rendered":"https:\/\/linitiative.ca\/International\/bengrina-na-recu-aucune-invitation\/"},"modified":"2019-12-30T11:49:00","modified_gmt":"2019-12-30T16:49:00","slug":"bengrina-na-recu-aucune-invitation","status":"publish","type":"post","link":"https:\/\/linitiative.ca\/International\/bengrina-na-recu-aucune-invitation\/","title":{"rendered":"Bengrina n\u2019a re\u00e7u aucune invitation !?"},"content":{"rendered":"<p><br id=\"sep_para_1\" class=\"sep_para access\"\/><\/p>\n<div id=\"para_1\" class=\"para_34765341 resize\">\n<div class=\"texte access firstletter\">Abdelkader Bengrina, Pr\u00e9sident du Mouvement El-Bina a r\u00e9agi lundi 30 d\u00e9cembre, aux informations faisant \u00e9tat de la participation de son parti dans le Gouvernement en pr\u00e9paration. D\u2019embl\u00e9e, il affirme ne s\u2019\u00eatre r\u00e9uni avec aucun responsable au sujet de la formation du Gouvernement sous le pilotage d\u2019Abdelaziz Djerad. Tout en affirmant n\u2019avoir re\u00e7u aucune invitation, Bengrina, arriv\u00e9 en 2e position de la pr\u00e9sidentielle avec plus de 17% des suffrages, pose tout de m\u00eame ses conditions pour une \u00e9ventuelle participation de son parti au Gouvernement. Sa premi\u00e8re exigence est la \u00ab consolidation des valeurs de la soci\u00e9t\u00e9 alg\u00e9rienne et de son projet national inspir\u00e9 de la D\u00e9claration de Novembre et la n\u00e9cessit\u00e9 de g\u00e9n\u00e9raliser l\u2019utilisation de la langue arabe \u00bb. Pour le Pr\u00e9sident du Mouvement El-Bina, la d\u00e9marche des autorit\u00e9s doit s\u2019inscrire dans le cadre d\u2019une vision claire et non dans le but de se partager les richesses. Les autorit\u00e9s doivent \u00e9galement r\u00e9pondre aux revendications des \u00ab jeunes du 22 f\u00e9vrier \u00bb pour b\u00e2tir une Alg\u00e9rie nouvelle et de lever l\u2019injustice sur le citoyen.<\/div>\n<\/div>\n<p>Auteur: R\u00e9flexion<br \/>\n<a href=\"https:\/\/www.reflexiondz.net\/Bengrina-n-a-recu-aucune-invitation-_a59725.html\">Cliquez ici pour lire l&rsquo;article depuis sa source.<\/a><\/p>\n","protected":false},"excerpt":{"rendered":"<p>Abdelkader Bengrina, Pr\u00e9sident du Mouvement El-Bina a r\u00e9agi lundi 30 d\u00e9cembre, aux informations faisant \u00e9tat de la participation de son parti dans le Gouvernement en pr\u00e9paration. D\u2019embl\u00e9e, il affirme ne s\u2019\u00eatre r\u00e9uni avec aucun responsable au sujet de la formation du Gouvernement sous le pilotage d\u2019Abdelaziz Djerad. Tout en affirmant n\u2019avoir re\u00e7u aucune invitation, Bengrina, [&hellip;]<\/p>\n","protected":false},"author":1740,"featured_media":0,"comment_status":"closed","ping_status":"closed","sticky":false,"template":"","format":"standard","meta":{"fifu_image_url":"","fifu_image_alt":"","footnotes":""},"categories":[53,76],"tags":[],"class_list":["post-71707","post","type-post","status-publish","format-standard","hentry","category-algerie","category-regions"],"_links":{"self":[{"href":"https:\/\/linitiative.ca\/International\/wp-json\/wp\/v2\/posts\/71707","targetHints":{"allow":["GET"]}}],"collection":[{"href":"https:\/\/linitiative.ca\/International\/wp-json\/wp\/v2\/posts"}],"about":[{"href":"https:\/\/linitiative.ca\/International\/wp-json\/wp\/v2\/types\/post"}],"author":[{"embeddable":true,"href":"https:\/\/linitiative.ca\/International\/wp-json\/wp\/v2\/users\/1740"}],"replies":[{"embeddable":true,"href":"https:\/\/linitiative.ca\/International\/wp-json\/wp\/v2\/comments?post=71707"}],"version-history":[{"count":0,"href":"https:\/\/linitiative.ca\/International\/wp-json\/wp\/v2\/posts\/71707\/revisions"}],"wp:attachment":[{"href":"https:\/\/linitiative.ca\/International\/wp-json\/wp\/v2\/media?parent=71707"}],"wp:term":[{"taxonomy":"category","embeddable":true,"href":"https:\/\/linitiative.ca\/International\/wp-json\/wp\/v2\/categories?post=71707"},{"taxonomy":"post_tag","embeddable":true,"href":"https:\/\/linitiative.ca\/International\/wp-json\/wp\/v2\/tags?post=71707"}],"curies":[{"name":"wp","href":"https:\/\/api.w.org\/{rel}","templated":true}]}}