{"id":71708,"date":"2019-12-30T12:52:00","date_gmt":"2019-12-30T17:52:00","guid":{"rendered":"https:\/\/linitiative.ca\/International\/soulevement-dun-peuple-chute-dun-regime-et-mort-dun-sauveur-2019-lannee-de-tous-les-changements\/"},"modified":"2019-12-30T12:52:00","modified_gmt":"2019-12-30T17:52:00","slug":"soulevement-dun-peuple-chute-dun-regime-et-mort-dun-sauveur-2019-lannee-de-tous-les-changements","status":"publish","type":"post","link":"https:\/\/linitiative.ca\/International\/soulevement-dun-peuple-chute-dun-regime-et-mort-dun-sauveur-2019-lannee-de-tous-les-changements\/","title":{"rendered":"SOULEVEMENT D\u2019UN PEUPLE, CHUTE D\u2019UN REGIME ET MORT D\u2019UN SAUVEUR   : 2019, l\u2019ann\u00e9e de tous les changements"},"content":{"rendered":"<p><br id=\"sep_para_1\" class=\"sep_para access\"\/><\/p>\n<div id=\"para_1\" class=\"para_34765868 resize\">\n<div class=\"photo shadow left\"><a href=\"javascript:void(0)\" rel=\"https:\/\/www.reflexiondz.net\/photo\/art\/grande\/41259309-34765868.jpg?v=1577730176&#038;ibox\" title=\"SOULEVEMENT D\u2019UN PEUPLE, CHUTE D\u2019UN REGIME ET MORT D\u2019UN SAUVEUR : 2019, l\u2019ann\u00e9e de tous les changements\"><img decoding=\"async\" class=\"responsive c9\" src=\"https:\/\/www.reflexiondz.net\/photo\/art\/grande\/41259309-34765868.jpg?v=1577730176\" alt=\"SOULEVEMENT D\u2019UN PEUPLE, CHUTE D\u2019UN REGIME ET MORT D\u2019UN SAUVEUR : 2019, l\u2019ann\u00e9e de tous les changements\" title=\"SOULEVEMENT D\u2019UN PEUPLE, CHUTE D\u2019UN REGIME ET MORT D\u2019UN SAUVEUR : 2019, l\u2019ann\u00e9e de tous les changements\"\/><img decoding=\"async\" class=\"not-responsive\" src=\"https:\/\/www.reflexiondz.net\/photo\/art\/default\/41259309-34765868.jpg?v=1577730177\" alt=\"SOULEVEMENT D\u2019UN PEUPLE, CHUTE D\u2019UN REGIME ET MORT D\u2019UN SAUVEUR : 2019, l\u2019ann\u00e9e de tous les changements\" title=\"SOULEVEMENT D\u2019UN PEUPLE, CHUTE D\u2019UN REGIME ET MORT D\u2019UN SAUVEUR : 2019, l\u2019ann\u00e9e de tous les changements\"\/><\/a><\/div>\n<div class=\"texte access firstletter\">Le rideau se baisse sur l\u2019ann\u00e9e 2019 avec plusieurs plaies ouvertes et des solutions. Les annonces pour redresser la situation des Alg\u00e9riens sont connues, mais moult tentatives pour les concr\u00e9tiser sur le terrain, n\u2019ont essuy\u00e9 que d\u2019\u00e9checs cuisants et successifs. Le Hirak populaire du 22 f\u00e9vrier est le principal \u00e9v\u00e9nement ayant marqu\u00e9 de son empreinte l&rsquo;ann\u00e9e 2019. Elle a d\u00e9but\u00e9 par un consensus autour de l\u2019Alg\u00e9rie et s\u2019est termin\u00e9e par un autre consensus autour du valeureux moudjahid, le d\u00e9funt Ga\u00efd Salah. Sa disparition, quatre jours \u00e0 peine apr\u00e8s l&rsquo;investiture du nouveau pr\u00e9sident de la R\u00e9publique, Abdelmadjid Tebboune, intervient apr\u00e8s avoir accompli une mission majeure pour l&rsquo;avenir du pays, \u00e0 savoir : celle de pr\u00e9server l&rsquo;Alg\u00e9rie d&rsquo;un vide constitutionnel pr\u00e9judiciable \u00e0 sa stabilit\u00e9. Voici quelques dates marquantes :<br \/><strong>18 janvier,<\/strong> le pr\u00e9sident de la R\u00e9publique, Abdelaziz Bouteflika, signe un d\u00e9cret pr\u00e9sidentiel convoquant le corps \u00e9lectoral pour l&rsquo;\u00e9lection pr\u00e9sidentielle qui devait se d\u00e9rouler le 18 avril 2019.<br \/><strong>10 F\u00e9vrier,<\/strong> le Pr\u00e9sident Abdelaziz Bouteflika annonce sa candidature \u00e0 la pr\u00e9sidentielle d\u2019avril 2019 dans un message adress\u00e9 \u00e0 la nation, diffus\u00e9 par l\u2019APS. M. Bouteflika pr\u00e9voit dans son message d\u2019initier \u00abd\u00e8s cette ann\u00e9e\u00bb, s\u2019il est \u00e9lu, une conf\u00e9rence nationale inclusive qui aurait pour objectif l\u2019\u00e9laboration d\u2019une \u00abplateforme politique, \u00e9conomique et sociale\u00bb, voire \u00abproposer un enrichissement de la Constitution\u00bb. \u00ab\u00a0Toutes les forces\u00a0 politiques, \u00e9conomiques et sociales seront convi\u00e9es \u00e0 cette conf\u00e9rence\u00a0 visant \u00e0 asseoir\u00a0 un consensus\u00a0 sur les r\u00e9formes politiques\u00a0 et les changements qui s&rsquo;imposent au pays\u00a0\u00bb, ajoute le pr\u00e9sident Bouteflika, dans son message \u00e0 la Nation.<br \/><strong>22 f\u00e9vrier,<\/strong>\u00a0\u00a0 Sa candidature pour sa r\u00e9\u00e9lection n&rsquo;est pas du go\u00fbt de tous les Alg\u00e9riens. Plusieurs milliers de manifestants d\u00e9filent dans le centre d&rsquo;Alger, la capitale, et dans les wilayas du pays contre le cinqui\u00e8me mandat que brigue-le pr\u00e9sident Abdelaziz Bouteflika. C\u2019est le d\u00e9but du Hirak populaire. Des milliers de personnes ont d\u00e9fil\u00e9 dans le centre de la capitale, o\u00f9 toute manifestation est officiellement interdite depuis 2001. \u00ab Pas de 5e mandat \u00bb, \u00ab Pouvoir assassin ! \u00bb, \u00ab Ni Bouteflika, ni Sa\u00efd \u00bb (fr\u00e8re du chef de l&rsquo;Etat, souvent per\u00e7u comme son successeur potentiel), ont scand\u00e9 les manifestants, jeunes pour la plupart. Survol\u00e9 par un h\u00e9licopt\u00e8re des forces de l&rsquo;ordre, le cort\u00e8ge, dans lequel plusieurs drapeaux alg\u00e9riens \u00e9taient visibles, s&rsquo;est form\u00e9 \u00e0 la mi-journ\u00e9e, \u00e0 l&rsquo;issue de la grande pri\u00e8re hebdomadaire.<br \/><strong>11 mars,<\/strong> apr\u00e8s des semaines de manifestations, le pr\u00e9sident alg\u00e9rien Abdelaziz Bouteflika renonce \u00e0 briguer un cinqui\u00e8me mandat. \u201cL\u2019\u00e9lection pr\u00e9sidentielle est report\u00e9e, Bouteflika n\u2019est pas candidat\u201d, annonce un communiqu\u00e9 diffus\u00e9 par l\u2019Agence officielle. Au pouvoir depuis 20 ans, le pr\u00e9sident alg\u00e9rien ne briguera donc pas un cinqui\u00e8me mandat en avril, apr\u00e8s des manifestations qui ont amen\u00e9 des centaines de milliers d\u2019Alg\u00e9riens dans la rue contre sa candidature ces derni\u00e8res semaines. La pr\u00e9sidence a aussi annonc\u00e9 le report de l\u2019\u00e9lection pr\u00e9sidentielle.<br \/><strong>11 mars,<\/strong> le pr\u00e9sident de la R\u00e9publique, Abdelaziz Bouteflika a re\u00e7u, lundi \u00e0 Alger, MM. Noureddine Bedoui et Ramtane Lamamra. Lors de cette audience, le chef de l\u2019Etat a proc\u00e9d\u00e9 \u00e0 la nomination de M. Bedoui au poste de Premier ministre en remplacement de M. Ahmed Ouyahia. M. Bouteflika a \u00e9galement nomm\u00e9, \u00e0 la m\u00eame occasion, M. Lamamra au poste de vice-Premier ministre, ministre des Affaires \u00e9trang\u00e8res. Le pr\u00e9sident Bouteflika a charg\u00e9 M. Bedoui de former le nouveau gouvernement.<br \/><strong>2 avril,<\/strong>\u00a0 le pr\u00e9sident de la R\u00e9publique, Abdelaziz Bouteflika, notifie officiellement au pr\u00e9sident du Conseil constitutionnel sa d\u00e9cision de mettre fin \u00e0 son mandat en qualit\u00e9 de pr\u00e9sident de la R\u00e9publique. Cette annonce intervient apr\u00e8s un communiqu\u00e9 de l&rsquo;arm\u00e9e alg\u00e9rienne demandant l&rsquo;application imm\u00e9diate de l&rsquo;article 102 de la Constitution sur la mise en place du processus d&#8217;emp\u00eachement du pr\u00e9sident. Le communiqu\u00e9 du minist\u00e8re de la D\u00e9fense s&rsquo;en prenait \u00e9galement violemment \u00e0 certains individus qui veulent, selon lui, faire perdurer la crise. Il affirme que le r\u00f4le de l&rsquo;arm\u00e9e est de prot\u00e9ger le peuple d&rsquo;une poign\u00e9e de personnes qui s&rsquo;est accapar\u00e9 les richesses du pays. Il fait l\u00e0 r\u00e9f\u00e9rence aux hommes d&rsquo;affaires, dont certains sont sous le coup d&rsquo;enqu\u00eates pr\u00e9liminaires pour corruption depuis le d\u00e9but de la semaine. Il vise aussi Sa\u00efd Bouteflika, le fr\u00e8re du pr\u00e9sident alg\u00e9rien.<br \/><strong>09 avril,<\/strong> Abdelkader Bensalah prend officiellement\u00a0 ses fonctions de chef d\u2019\u00c9tat par int\u00e9rim conform\u00e9ment aux dispositions de l\u2019article 102 de la Constitution. Bensalah est nomm\u00e9 pour une p\u00e9riode maximale de 90 jours au cours de laquelle des \u00e9lections pr\u00e9sidentielles seront organis\u00e9es, auxquelles le chef de l\u2019\u00c9tat int\u00e9rimaire n\u2019est pas \u00e9ligible.<br \/><strong>10 avril,<\/strong> le chef de l&rsquo;Etat, Abdelkader Bensalah, convoque le corps \u00e9lectoral pour l&rsquo;\u00e9lection pr\u00e9sidentielle qui devait se tenir\u00a0 le 4 juillet 2019, mettant ainsi en branle le processus qui permettra\u00a0 de combler le vide institutionnel n\u00e9 de la d\u00e9mission du pr\u00e9sident de la\u00a0 R\u00e9publique, Abdelaziz Bouteflika. La convocation du corps \u00e9lectoral intervient au lendemain de la\u00a0 r\u00e9union des deux chambres du Parlement qui a pris acte de la d\u00e9claration de\u00a0 vacance d\u00e9finitive du poste de pr\u00e9sident de la R\u00e9publique, en application\u00a0 des dispositions de l&rsquo;article 102 de la Constitution, en vertu duquel le\u00a0 pr\u00e9sident du Conseil de la Nation assume les fonctions de chef de l&rsquo;Etat\u00a0 pour une dur\u00e9e de 90 jours, rappelle \u00e9galement l\u2019agence de presse officielle.<br \/><strong>4 mai,<\/strong> les deux anciens patrons des services de s\u00e9curit\u00e9, les g\u00e9n\u00e9raux Mohamed Mediene alias Toufik et Tartag Athmane dit Bachir sont arr\u00eat\u00e9s en m\u00eame temps que Said Bouteflika. L\u2019ancien patron des services de s\u00e9curit\u00e9, le g\u00e9n\u00e9ral-major \u00e0 la retraite Athmane Tartag dit Bachir a \u00e9t\u00e9 arr\u00eat\u00e9 dans la matin\u00e9e alors que le g\u00e9n\u00e9ral de corps d\u2019Arm\u00e9e \u00e0 la retraite Toufik et Said Bouteflika ont \u00e9t\u00e9 interpell\u00e9s dans l\u2019apr\u00e8s-midi. Ils ont \u00e9t\u00e9 auditionn\u00e9s au niveau de la police judiciaire du minist\u00e8re de la d\u00e9fense. Toufik, Bachir et Said Bouteflika sont soup\u00e7onn\u00e9s de porter atteinte \u00e0 la s\u00e9curit\u00e9 nationale.\u00a0<br \/><strong>9 mai,<\/strong> La secr\u00e9taire g\u00e9n\u00e9rale du Parti des travailleurs, Louisa Hanoune,\u00a0 est convoqu\u00e9e devant le tribunal militaire de Blida tout comme, avant elle, le fr\u00e8re de l\u2019ancien pr\u00e9sident, Sa\u00efd Bouteflika. Elle a \u00e9t\u00e9 incarc\u00e9r\u00e9e. La t\u00e9l\u00e9vision nationale a diffus\u00e9 des images d\u2019elle marchant seule vers les marches du tribunal militaire. D&rsquo;abord convoqu\u00e9e en tant que t\u00e9moin, d&rsquo;apr\u00e8s son parti, elle a finalement \u00e9t\u00e9 plac\u00e9e en d\u00e9tention provisoire, dans le cadre de l\u2019enqu\u00eate pour \u00ab atteinte \u00e0 l\u2019autorit\u00e9 de l\u2019arm\u00e9e \u00bb et \u00ab complot contre l\u2019autorit\u00e9 de l\u2019\u00c9tat \u00bb qui touche d\u00e9j\u00e0 le fr\u00e8re de l\u2019ancien pr\u00e9sident, Sa\u00efd Bouteflika et deux anciens hauts responsables des services de renseignement.<br \/><strong>2 juin,<\/strong> le Conseil constitutionnel\u00a0 annule de facto l&rsquo;\u00e9lection pr\u00e9sidentielle pr\u00e9vue le 4 juillet apr\u00e8s avoir invalid\u00e9 les dossiers des deux seuls candidats, pr\u00e9conisant le prolongement du mandat du pr\u00e9sident par int\u00e9rim qui se termine le 9 juillet. Ce scrutin \u00e9tait cens\u00e9 permettre l&rsquo;\u00e9lection d&rsquo;un successeur au pr\u00e9sident Abdelaziz Bouteflika, qui a d\u00e9missionn\u00e9 le 2 avril, sous la pression de la rue et de l&rsquo;arm\u00e9e. \u00ab\u00a0Le Conseil constitutionnel rejette les deux dossiers de candidature d\u00e9pos\u00e9s\u00a0\u00bb et annonce par cons\u00e9quent \u00ab\u00a0l&rsquo;impossibilit\u00e9 de tenir la pr\u00e9sidentielle le 4 juillet\u00a0\u00bb, a indiqu\u00e9 l&rsquo;institution, dans un communiqu\u00e9.<br \/><strong>13 juin,<\/strong> au lendemain de l\u2019incarc\u00e9ration d\u2019Ahmed Ouyahia, Abdelmalek Sellal, autre ancien Premier ministre d\u2019Abdelaziz Bouteflika, a \u00e9t\u00e9 plac\u00e9, peu avant 15h, sous mandat de d\u00e9p\u00f4t par un juge d\u2019instruction de la Cour supr\u00eame, dans le cadre de vastes enqu\u00eates sur des soup\u00e7ons de corruption et de dilapidation de biens publics. Deuxi\u00e8me sensation en Alg\u00e9rie apr\u00e8s le placement en d\u00e9tention provisoire, mercredi 12 juin, de l\u2019ancien Premier ministre Ahmed Ouyahia. L\u2019autre ex-chef de gouvernement Abdelmalek Sellal, 70 ans, a \u00e9t\u00e9 plac\u00e9 sous mandat de d\u00e9p\u00f4t par un juge d\u2019instruction de la Cour supr\u00eame.<br \/><strong>18 juillet,<\/strong> Victorieuse d\u2019une finale plus tactique qu&#8217;emballante, l\u2019Alg\u00e9rie a d\u00e9croch\u00e9 la deuxi\u00e8me Coupe d\u2019Afrique de football de son histoire en s\u2019imposant par la plus petite des marges face au S\u00e9n\u00e9gal (1-0). Bounedjah est le h\u00e9ros du soir chez les Fennecs. Vingt-neuf ans apr\u00e8s, l\u2019Alg\u00e9rie est de nouveau sur le toit de l\u2019Afrique. Face au S\u00e9n\u00e9gal, en finale de la CAN-2019, les Verts sont all\u00e9s chercher le deuxi\u00e8me troph\u00e9e continental de leur histoire, au terme d\u2019une rencontre qui restera\u00a0 dans les annales du football. Elle s\u2019est finalement jou\u00e9e sur un coup du sort, dans la foul\u00e9e du coup d\u2019envoi, lorsque San\u00e9 a contr\u00e9 une frappe de Bounedjah. Le ballon, apr\u00e8s s\u2019\u00eatre \u00e9lev\u00e9 dans le ciel cairote de longues secondes, est retomb\u00e9 contre toute attente dans les buts d\u2019un Gomis totalement m\u00e9dus\u00e9 (1-0, 2e).<br \/><strong>1er ao\u00fbt,<\/strong> les six membres du panel charg\u00e9 de mener le dialogue national pour une sortie de crise, rejettent \u00e0 \u00ab l\u2019unanimit\u00e9 \u00bb, la d\u00e9mission du coordinateur du groupe, Karim Younes. R\u00e9unis afin de donner suite \u00e0 l\u2019avenir de ce panel choisi par le Chef de l\u2019Etat pour mener le dialogue, Karim Younes, a annonc\u00e9 sa d\u00e9mission aux membres du panel dont il est pr\u00e9sident. Une demande qui a \u00e9t\u00e9 rejet\u00e9e par les autres membres, selon le communiqu\u00e9 de la commission rendu public. Karim Younes a fini par accepter de poursuivre sa mission, selon la m\u00eame source.<br \/><strong>15 septembre,\u00a0<\/strong> le chef de l&rsquo;Etat, Abdelkader Bensalah, convoque le corps \u00e9lectoral pour\u00a0 l&rsquo;\u00e9lection pr\u00e9sidentielle dont la date a \u00e9t\u00e9 fix\u00e9e pour le 12 d\u00e9cembre 2019. Dans un discours \u00e0 la nation, M. Bensalah a indiqu\u00e9 avoir fix\u00e9 la date de l\u2019\u00e9lection pr\u00e9sidentielle au jeudi 12 d\u00e9cembre 2019 et ce, dans le cadre de ses pr\u00e9rogatives constitutionnelles, ajoutant avoir proc\u00e9d\u00e9\u00a0 \u00e0 la signature du d\u00e9cret pr\u00e9sidentiel portant convocation\u00a0 du corps \u00e9lectoral. Il a, \u00e0 cette occasion, exhort\u00e9 les citoyens \u00ab\u00a0\u00e0 la mobilisation pour faire de ce rendez-vous, le point de d\u00e9part du processus de renouveau de notre Nation, et \u00e0 \u0153uvrer, massivement et fortement, \u00e0 la r\u00e9ussite de cette \u00e9ch\u00e9ance \u00e9lectorale, qui permettra \u00e0 notre peuple d\u2019\u00e9lire un nouveau Pr\u00e9sident qui aura toute la l\u00e9gitimit\u00e9 pour pr\u00e9sider les destin\u00e9es de notre pays et concr\u00e9tiser les aspirations de notre peuple\u00a0\u00bb.<br \/><strong>25 septembre,<\/strong> le tribunal militaire de Blida condamne Sa\u00efd Bouteflika, fr\u00e8re du pr\u00e9sident d\u00e9chu, Abdelaziz Bouteflika et son successeur \u00e0 la t\u00eate du renseignement Athmane Tartag, ainsi que la secr\u00e9taire g\u00e9n\u00e9rale du Parti des travailleurs PT, Louisa Hanoune, \u00e0 15 ans de prison pour \u00abatteinte \u00e0 l\u2019autorit\u00e9 de l\u2019arm\u00e9e\u00bb et \u00abcomplot contre l\u2019autorit\u00e9 de l\u2019\u00c9tat\u00bb. Le tribunal a \u00e9galement condamn\u00e9 \u00e0 20 ans de prison l\u2019ancien ministre de la D\u00e9fense et ex-chef d\u2019\u00e9tat-major de l\u2019arm\u00e9e Khaled Nezzar, son fils Lotfi, ainsi que Farid Benhamdine, g\u00e9rant de la Soci\u00e9t\u00e9 alg\u00e9rienne de pharmacie, tous les trois jug\u00e9s par contumace, dans la m\u00eame affaire.<br \/><strong>10 d\u00e9cembre,\u00a0<\/strong> les deux anciens Premiers ministres, Ahmed Ouyahia et Abdelmalek Sellal, poursuivis pour \u00ab\u00a0dilapidation de deniers publics\u00a0\u00bb, \u00ab\u00a0octroi d&rsquo;indus avantages\u00a0\u00bb et \u00ab\u00a0abus de fonction\u00a0\u00bb dans l&rsquo;affaire de montage automobile, ont \u00e9t\u00e9 condamn\u00e9s respectivement \u00e0 15 et 12 ans de prison ferme par le tribunal de Sidi M&rsquo;hamed \u00e0 Alger. Une amende de 100 millions de centimes a \u00e9t\u00e9 \u00e9galement prononc\u00e9e \u00e0 l&rsquo;encontre de Abdelmalek Sellal pour les m\u00eames charges. Le tribunal a condamn\u00e9, par contumace, \u00e0 20 ans de prison ferme, l&rsquo;ancien ministre de l&rsquo;Industrie et des Mines, Abdessalem Bouchouareb (actuellement en fuite), contre lequel, un mandat d&rsquo;arr\u00eat international a \u00e9t\u00e9 lanc\u00e9.\u00a0 L&rsquo;ancien ministre de l&rsquo;Industrie et des mines, Youcef Yousfi a \u00e9t\u00e9 condamn\u00e9, quant \u00e0 lui, \u00e0 10 ans de prison ferme, tandis que l&rsquo;ancien ministre des Travaux publics et des Transports, Abdelghani Zaalane a \u00e9t\u00e9 acquitt\u00e9.<br \/><strong>13 d\u00e9cembre,<\/strong> Abdelmadjid Tebboune, ancien ministre puis chef de gouvernement du pr\u00e9sident Abdelaziz Bouteflika \u00e2g\u00e9 de 74 ans, est \u00e9lu d\u00e8s le premier tour d&rsquo;une \u00e9lection pr\u00e9sidentielle toujours contest\u00e9e par la rue. Il succ\u00e8de \u00e0 l&rsquo;ancien pr\u00e9sident d\u00e9chu \u00e0 la t\u00eate de l&rsquo;\u00c9tat alg\u00e9rien, a annonc\u00e9 vendredi 13 d\u00e9cembre l&rsquo;Autorit\u00e9 nationale des \u00e9lections (ANIE). M. Tebboune a \u00ab recueilli [\u2026] 58,15 % des suffrages \u00bb, a indiqu\u00e9 le pr\u00e9sident de l&rsquo;Anie Mohamed Charfi, lors d&rsquo;une c\u00e9r\u00e9monie officielle, au lendemain du scrutin du 12 d\u00e9cembre.<br \/><strong>23 d\u00e9cembre,<\/strong>\u00a0 le G\u00e9n\u00e9ral de Corps d\u2019Arm\u00e9e Ahmed Ga\u00efd Salah, vice-ministre de la D\u00e9fense nationale, chef d\u2019Etat-major de l\u2019Arm\u00e9e nationale populaire (ANP), d\u00e9c\u00e8de des suites d\u2019une crise cardiaque \u00e0 l\u2019\u00e2ge de 79 ans. Le pr\u00e9sident de la R\u00e9publique, Abdelmadjid Tebboune a d\u00e9cr\u00e9t\u00e9 un deuil national de trois jours suite au d\u00e9c\u00e8s du G\u00e9n\u00e9ral de Corps d\u2019Arm\u00e9e, Ahmed Ga\u00efd Salah.<br \/><strong>25 d\u00e9cembre,<\/strong> le d\u00e9funt vice-ministre de la D\u00e9fense et chef d\u2019\u00e9tat-major de l\u2019Anp, le g\u00e9n\u00e9ral de corps d\u2019arm\u00e9e Ahmed Ga\u00efd Salah, a eu droit\u00a0 \u00e0 des fun\u00e9railles particuli\u00e8res, \u00e0 Alger. Des milliers de personnes ont afflu\u00e9 de nombreuses wilayas du pays, parmi lesquelles des centaines ont m\u00eame pass\u00e9 la nuit dans la rue pour \u00eatre, tr\u00e8s t\u00f4t au Palais du peuple et au cimeti\u00e8re d\u2019El Alia pour lui rendre un dernier hommage, avant qu\u2019il ne soit enterr\u00e9 au Carr\u00e9 des martyrs.<\/div>\n<\/div>\n<p>Auteur: Ismain<br \/>\n<a href=\"https:\/\/www.reflexiondz.net\/SOULEVEMENT-D-UN-PEUPLE-CHUTE-D-UN-REGIME-ET-MORT-D-UN-SAUVEUR-2019-l-annee-de-tous-les-changements_a59726.html\">Cliquez ici pour lire l&rsquo;article depuis sa source.<\/a><\/p>\n","protected":false},"excerpt":{"rendered":"<p>Le rideau se baisse sur l\u2019ann\u00e9e 2019 avec plusieurs plaies ouvertes et des solutions. Les annonces pour redresser la situation des Alg\u00e9riens sont connues, mais moult tentatives pour les concr\u00e9tiser sur le terrain, n\u2019ont essuy\u00e9 que d\u2019\u00e9checs cuisants et successifs. Le Hirak populaire du 22 f\u00e9vrier est le principal \u00e9v\u00e9nement ayant marqu\u00e9 de son empreinte [&hellip;]<\/p>\n","protected":false},"author":1740,"featured_media":0,"comment_status":"closed","ping_status":"closed","sticky":false,"template":"","format":"standard","meta":{"fifu_image_url":"","fifu_image_alt":"","footnotes":""},"categories":[53,76],"tags":[],"class_list":["post-71708","post","type-post","status-publish","format-standard","hentry","category-algerie","category-regions"],"_links":{"self":[{"href":"https:\/\/linitiative.ca\/International\/wp-json\/wp\/v2\/posts\/71708","targetHints":{"allow":["GET"]}}],"collection":[{"href":"https:\/\/linitiative.ca\/International\/wp-json\/wp\/v2\/posts"}],"about":[{"href":"https:\/\/linitiative.ca\/International\/wp-json\/wp\/v2\/types\/post"}],"author":[{"embeddable":true,"href":"https:\/\/linitiative.ca\/International\/wp-json\/wp\/v2\/users\/1740"}],"replies":[{"embeddable":true,"href":"https:\/\/linitiative.ca\/International\/wp-json\/wp\/v2\/comments?post=71708"}],"version-history":[{"count":0,"href":"https:\/\/linitiative.ca\/International\/wp-json\/wp\/v2\/posts\/71708\/revisions"}],"wp:attachment":[{"href":"https:\/\/linitiative.ca\/International\/wp-json\/wp\/v2\/media?parent=71708"}],"wp:term":[{"taxonomy":"category","embeddable":true,"href":"https:\/\/linitiative.ca\/International\/wp-json\/wp\/v2\/categories?post=71708"},{"taxonomy":"post_tag","embeddable":true,"href":"https:\/\/linitiative.ca\/International\/wp-json\/wp\/v2\/tags?post=71708"}],"curies":[{"name":"wp","href":"https:\/\/api.w.org\/{rel}","templated":true}]}}