{"id":71710,"date":"2019-12-30T13:11:19","date_gmt":"2019-12-30T18:11:19","guid":{"rendered":"https:\/\/linitiative.ca\/International\/chanegriha-nous-ne-devierons-jamais-de-nos-engagements-constitutionnels\/"},"modified":"2019-12-30T13:11:19","modified_gmt":"2019-12-30T18:11:19","slug":"chanegriha-nous-ne-devierons-jamais-de-nos-engagements-constitutionnels","status":"publish","type":"post","link":"https:\/\/linitiative.ca\/International\/chanegriha-nous-ne-devierons-jamais-de-nos-engagements-constitutionnels\/","title":{"rendered":"Chanegriha : \u00ab Nous ne d\u00e9vierons jamais de nos engagements constitutionnels \u00bb"},"content":{"rendered":"<p><span class=\"c2\">Mohamed K.<\/span><\/p>\n<div readability=\"93\">\n<p>C\u2019est la premi\u00e8re sortie m\u00e9diatique du g\u00e9n\u00e9ral-major Sa\u00efd Chanegriha depuis sa nomination en tant que chef d\u2019\u00e9tat-major de l\u2019Arm\u00e9e nationale populaire (ANP) par int\u00e9rim. Lors d\u2019une r\u00e9union au si\u00e8ge de l\u2019\u00e9tat-major de l\u2019ANP ce lundi \u00e0 Alger, il a affirm\u00e9 que l\u2019ANP fera toujours face \u00ab\u00a0aux ennemis de la patrie et \u00e0 quiconque tente de porter atteinte \u00e0 notre souverainet\u00e9 nationale\u00a0\u00bb.<br \/>Il a soulign\u00e9 que \u00ab\u00a0nous r\u00e9affirmons que nous resterons mobilis\u00e9s au service de la patrie et nous ne d\u00e9vierons jamais de nos engagements constitutionnels quelles que soient les circonstances\u00a0\u00bb.<br \/>Evoquant le complot qui visait la d\u00e9stabilisation du pays durant les derniers mois de la crise politique qui a s\u00e9vi, Chanegriha a mis l\u2019accent sur \u00ab\u00a0le r\u00f4le primordial qu\u2019a jou\u00e9 l\u2019ANP aux c\u00f4t\u00e9s du peuple alg\u00e9rien face au complot dangereux qui visait la stabilit\u00e9 de l\u2019Alg\u00e9rie et les fondements de l\u2019Etat et la neutralisation de ses institutions constitutionnelles pour la faire sombrer dans un marais de chaos et de violence\u00a0\u00bb.<br \/>\u00ab\u00a0Nous avons travers\u00e9 aux c\u00f4t\u00e9s de notre peuple au cours de cette derni\u00e8re p\u00e9riode de notre histoire contemporaine une \u00e9tape sensible \u00e0 travers laquelle notre pays a fait face \u00e0 un dangereux complot qui visait la stabilit\u00e9 de l\u2019Alg\u00e9rie et les fondements de l\u2019Etat, ainsi que la neutralisation de ses institutions constitutionnelles, pour l\u2019entra\u00eener dans le bourbier du chaos et de la violence\u00a0\u00bb, a rappel\u00e9 le chef d\u2019\u00e9tat-major de l\u2019ANP par int\u00e9rim.<\/p>\n<p>\u00ab\u00a0Toutefois, le Haut Commandement de l\u2019ANP, qui a pris conscience de l\u2019ampleur de ce complot, a su g\u00e9rer cette phase avec sagesse et clairvoyance, \u00e0 travers l\u2019accompagnement et la protection des marches pacifiques, sans qu\u2019aucune goutte de sang ne soit vers\u00e9e, en sus de l\u2019accompagnement des institutions de l\u2019Etat de mani\u00e8re \u00e0 leur permettre d\u2019accomplir leurs missions dans les meilleures conditions, ainsi que la d\u00e9termination \u00e0 rester dans la l\u00e9gitimit\u00e9 constitutionnelle et \u00e0 faire face \u00e0 quiconque tente de porter atteinte \u00e0 l\u2019unit\u00e9 nationale\u00a0\u00bb, a-t-il relev\u00e9.<br \/>Pour le g\u00e9n\u00e9ral-major Chanegriha, \u00ab\u00a0l\u2019ANP a contribu\u00e9, aux c\u00f4t\u00e9s des services de la s\u00e9curit\u00e9, \u00e0 la r\u00e9ussite de l\u2019organisation d\u2019\u00e9lections pr\u00e9sidentielles libres, honn\u00eates et transparentes, et \u00e0 la s\u00e9curisation du processus \u00e9lectoral dans un climat de qui\u00e9tude et de s\u00e9r\u00e9nit\u00e9\u00a0\u00bb.<br \/>Par la m\u00eame occasion, le g\u00e9n\u00e9ral-major a transmis \u00e0 l\u2019assistance \u00ab\u00a0les remerciements, l\u2019estime et la gratitude\u00a0\u00bb du pr\u00e9sident de la R\u00e9publique, chef supr\u00eame des Forces arm\u00e9es, ministre de la D\u00e9fense nationale \u00e0 l\u2019ensemble des personnels de l\u2019ANP pour \u00ab\u00a0les efforts laborieux et soutenus consentis lors de cette \u00e9tape cruciale et d\u00e9cisive qu\u2019a travers\u00e9e notre pays\u00a0\u00bb.<br \/>Sur un autre registre, le g\u00e9n\u00e9ral-major a tenu \u00e0 rappeler que \u00ab\u00a0les crit\u00e8res pour assumer les fonctions, les postes ou n\u2019importe quelle responsabilit\u00e9 constituent en le crit\u00e8re de la sacralisation du travail \u00e9tant le secret du succ\u00e8s, en plus ceux de la comp\u00e9tence, la capacit\u00e9, le s\u00e9rieux, l\u2019int\u00e9grit\u00e9 et le d\u00e9vouement \u00e0 l\u2019arm\u00e9e et \u00e0 la patrie\u00a0\u00bb.<br \/>A cet \u00e9gard, \u00ab\u00a0je tiens \u00e0 rappeler, sinc\u00e8rement et franchement, que pour moi les crit\u00e8res pour pr\u00e9tendre aux fonctions, aux postes ou \u00e0 toute autre responsabilit\u00e9, quelle que soit leur importance, sont la v\u00e9n\u00e9ration du travail qui constitue la cl\u00e9 du succ\u00e8s, en plus de la comp\u00e9tence, la capacit\u00e9, le s\u00e9rieux, l\u2019int\u00e9grit\u00e9 et le d\u00e9vouement \u00e0 l\u2019arm\u00e9e et \u00e0 la patrie\u00a0\u00bb, a soulign\u00e9 le chef d\u2019\u00e9tat-major de l\u2019ANP par int\u00e9rim.<br \/>\u00ab\u00a0Tout comme je tiens \u00e0 la veille du nouvel an 2020 \u00e0 vous adresser, ainsi qu\u2019\u00e0 vos familles et vos proches, mes v\u0153ux les plus sinc\u00e8res, en priant Allah Le Tout-Puissant que la nouvelle ann\u00e9e soit porteuse de prosp\u00e9rit\u00e9\u00a0\u00bb.<br \/>Pour rappel, ont pris part \u00e0 cette r\u00e9union le secr\u00e9taire g\u00e9n\u00e9ral du minist\u00e8re de la D\u00e9fense nationale, les commandants de Forces, les chefs de d\u00e9partements du MDN et de l\u2019\u00e9tat-major de l\u2019ANP, les directeurs et les chefs de services centraux et les chefs de bureaux.<br \/>A l\u2019ouverture de la rencontre, une minute de silence a \u00e9t\u00e9 observ\u00e9e en hommage au d\u00e9funt g\u00e9n\u00e9ral de corps d\u2019arm\u00e9e Ahmed Ga\u00efd Salah.<br \/>A la fin de la r\u00e9union, il a invit\u00e9 les pr\u00e9sents \u00e0 observer \u00ab\u00a0un moment de recueillement \u00e0 la m\u00e9moire de nos valeureux chouhada, tous nos chouhada, depuis 1830, en passant par les r\u00e9sistances populaires et les chouhada des massacres du 8 mai 1945, jusqu\u2019aux chouhada de la glorieuse R\u00e9volution de lib\u00e9ration et du devoir national, et \u00e0 m\u00e9diter sur le sens de leurs sacrifices pour qu\u2019ils soient un exemple \u00e0 suivre\u00a0\u00bb.<\/p>\n<\/div>\n<p>Auteur: Le Jeune Independant<br \/>\n<a href=\"http:\/\/www.jeune-independant.net\/Chanegriha-Nous-ne-devierons.html\">Cliquez ici pour lire l&rsquo;article depuis sa source.<\/a><\/p>\n","protected":false},"excerpt":{"rendered":"<p>Mohamed K. C\u2019est la premi\u00e8re sortie m\u00e9diatique du g\u00e9n\u00e9ral-major Sa\u00efd Chanegriha depuis sa nomination en tant que chef d\u2019\u00e9tat-major de l\u2019Arm\u00e9e nationale populaire (ANP) par int\u00e9rim. Lors d\u2019une r\u00e9union au si\u00e8ge de l\u2019\u00e9tat-major de l\u2019ANP ce lundi \u00e0 Alger, il a affirm\u00e9 que l\u2019ANP fera toujours face \u00ab\u00a0aux ennemis de la patrie et \u00e0 quiconque [&hellip;]<\/p>\n","protected":false},"author":1737,"featured_media":0,"comment_status":"closed","ping_status":"closed","sticky":false,"template":"","format":"standard","meta":{"fifu_image_url":"","fifu_image_alt":"","footnotes":""},"categories":[73,53],"tags":[],"class_list":["post-71710","post","type-post","status-publish","format-standard","hentry","category-actualite","category-algerie"],"_links":{"self":[{"href":"https:\/\/linitiative.ca\/International\/wp-json\/wp\/v2\/posts\/71710","targetHints":{"allow":["GET"]}}],"collection":[{"href":"https:\/\/linitiative.ca\/International\/wp-json\/wp\/v2\/posts"}],"about":[{"href":"https:\/\/linitiative.ca\/International\/wp-json\/wp\/v2\/types\/post"}],"author":[{"embeddable":true,"href":"https:\/\/linitiative.ca\/International\/wp-json\/wp\/v2\/users\/1737"}],"replies":[{"embeddable":true,"href":"https:\/\/linitiative.ca\/International\/wp-json\/wp\/v2\/comments?post=71710"}],"version-history":[{"count":0,"href":"https:\/\/linitiative.ca\/International\/wp-json\/wp\/v2\/posts\/71710\/revisions"}],"wp:attachment":[{"href":"https:\/\/linitiative.ca\/International\/wp-json\/wp\/v2\/media?parent=71710"}],"wp:term":[{"taxonomy":"category","embeddable":true,"href":"https:\/\/linitiative.ca\/International\/wp-json\/wp\/v2\/categories?post=71710"},{"taxonomy":"post_tag","embeddable":true,"href":"https:\/\/linitiative.ca\/International\/wp-json\/wp\/v2\/tags?post=71710"}],"curies":[{"name":"wp","href":"https:\/\/api.w.org\/{rel}","templated":true}]}}