{"id":71712,"date":"2019-12-30T11:25:00","date_gmt":"2019-12-30T16:25:00","guid":{"rendered":"https:\/\/linitiative.ca\/International\/mohamed-ali-el-bekri-la-turquie-en-libye-davantage-de-menaces-pour-la-tunisie-en-perspective\/"},"modified":"2019-12-30T11:25:00","modified_gmt":"2019-12-30T16:25:00","slug":"mohamed-ali-el-bekri-la-turquie-en-libye-davantage-de-menaces-pour-la-tunisie-en-perspective","status":"publish","type":"post","link":"https:\/\/linitiative.ca\/International\/mohamed-ali-el-bekri-la-turquie-en-libye-davantage-de-menaces-pour-la-tunisie-en-perspective\/","title":{"rendered":"Mohamed Ali  El Bekri :  la Turquie en Libye,  davantage de menaces pour la Tunisie en perspective"},"content":{"rendered":"<p>Le Pr\u00e9sident Turc a agit ind\u00e9licatement en Tunisie notamment en d\u00e9clarant que notre pays \u00e9tablira une coop\u00e9ration avec la Turquie pour appuyer le gouvernement El Sarraj ce qui a \u00e9t\u00e9 ult\u00e9rieurement d\u00e9menti par la pr\u00e9sidence de la R\u00e9publique.<\/p>\n<p>Prenons garde, la Turquie a de plus en plus tendance \u00e0 s\u2019immiscer dans les affaires d\u2019autrui et cherche \u00e0 s\u2019\u00e9tendre au Maghreb, notamment en Libye et en Tunisie.<\/p>\n<p>La Turquie joue d\u00e9j\u00e0 un r\u00f4le nocif en Syrie. Elle couvre et soutient des milices jihadistes et derni\u00e8rement certaines informations laissent entendre que la Turquie a l\u2019intention de d\u00e9placer certains d\u2019entre eux de la zone Syrienne d\u2019Idleb vers la libye pour combattre dans les rangs des forces du Gouvernement El Sarraj \u00e9ventuellement avec l\u2019appui de forces Turques. S&rsquo;l se confirmait, le renforcement \u00e0 nos portes de la pr\u00e9sence de ces milices extr\u00e9mistes serait un acte hostile envers notre pays.<\/p>\n<p>Qu\u2019en sera t-il demain si les forces de Hafter r\u00e9ussissaient \u00e0 prendre l\u2019avantage sur les forces d\u2019El Sarraj ? o\u00f9 partiront ces jihadistes ? notre pays sera vis\u00e9 en premier du fait de sa proximit\u00e9 avec la zone des combats. Il en est de m\u00eame si les forces d\u2019El Sarraj prennent le dessus, ces\u00a0 jihadistes en sortiront renforc\u00e9s et viseront certainement notre territoire comme prochaine cible de leur expansion. Quelque soit le sc\u00e9nario on sera perdant\u00a0 si on laisse la Turquie agir \u00e0 sa guise en Libye.<\/p>\n<p>O doit tout faire pour contrecarrer les ambitions turques qui ne sont pas dans l\u2019int\u00e9r\u00eat de notre pays que ce soit \u00e0 court ou \u00e0 plus long terme. On doit tout d\u2019abord afficher clairement notre neutralit\u00e9 dans l\u2019affaire Libyenne et soutenir sans \u00e9quivoque une solution pacifique Libyco-Libyenne en coordination avec l\u2019Alg\u00e9rie et l\u2019\u00c9gypte et le soutien des grandes puissances.<\/p>\n<p>Pour afficher clairement notre neutralit\u00e9 et compenser les multiples visites en Tunisie d\u2019El Sarraj et la derni\u00e8re visite d\u2019Erdogan, il faut inviter Hafter en Tunisie pour lui confirmer notre neutralit\u00e9 tout en lui renouvelant notre disposition \u00e0 jouer les bons offices entre les diverses parties Libyennes.<\/p>\n<p>Le soutien de l\u2019intervention turque en Libye ou de toute autre partie\u00a0 \u00e9trang\u00e8re, ne fera qu\u2019envenimer la complexe situation Libyenne, prolongera le conflit inter-Libyen\u00a0 et aura des cons\u00e9quences n\u00e9fastes aussi bien pour le peuple Libyen fr\u00e8re que pour la s\u00e9curit\u00e9 et la stabilit\u00e9 de notre pays.<\/p>\n<p class=\"c2\"><strong>G\u00e9n\u00e9ral \u00ae Mohamed Ali\u00a0 El Bekri<\/strong><\/p>\n<p>Auteur:<br \/>\n<a href=\"https:\/\/www.leaders.com.tn\/article\/28747-turquie-en-libye-plus-de-menaces-pour-la-tunisie\">Cliquez ici pour lire l&rsquo;article depuis sa source.<\/a><\/p>\n","protected":false},"excerpt":{"rendered":"<p>Le Pr\u00e9sident Turc a agit ind\u00e9licatement en Tunisie notamment en d\u00e9clarant que notre pays \u00e9tablira une coop\u00e9ration avec la Turquie pour appuyer le gouvernement El Sarraj ce qui a \u00e9t\u00e9 ult\u00e9rieurement d\u00e9menti par la pr\u00e9sidence de la R\u00e9publique. Prenons garde, la Turquie a de plus en plus tendance \u00e0 s\u2019immiscer dans les affaires d\u2019autrui et [&hellip;]<\/p>\n","protected":false},"author":1772,"featured_media":0,"comment_status":"closed","ping_status":"closed","sticky":false,"template":"","format":"standard","meta":{"fifu_image_url":"","fifu_image_alt":"","footnotes":""},"categories":[73,55],"tags":[],"class_list":["post-71712","post","type-post","status-publish","format-standard","hentry","category-actualite","category-tunisie"],"_links":{"self":[{"href":"https:\/\/linitiative.ca\/International\/wp-json\/wp\/v2\/posts\/71712","targetHints":{"allow":["GET"]}}],"collection":[{"href":"https:\/\/linitiative.ca\/International\/wp-json\/wp\/v2\/posts"}],"about":[{"href":"https:\/\/linitiative.ca\/International\/wp-json\/wp\/v2\/types\/post"}],"author":[{"embeddable":true,"href":"https:\/\/linitiative.ca\/International\/wp-json\/wp\/v2\/users\/1772"}],"replies":[{"embeddable":true,"href":"https:\/\/linitiative.ca\/International\/wp-json\/wp\/v2\/comments?post=71712"}],"version-history":[{"count":0,"href":"https:\/\/linitiative.ca\/International\/wp-json\/wp\/v2\/posts\/71712\/revisions"}],"wp:attachment":[{"href":"https:\/\/linitiative.ca\/International\/wp-json\/wp\/v2\/media?parent=71712"}],"wp:term":[{"taxonomy":"category","embeddable":true,"href":"https:\/\/linitiative.ca\/International\/wp-json\/wp\/v2\/categories?post=71712"},{"taxonomy":"post_tag","embeddable":true,"href":"https:\/\/linitiative.ca\/International\/wp-json\/wp\/v2\/tags?post=71712"}],"curies":[{"name":"wp","href":"https:\/\/api.w.org\/{rel}","templated":true}]}}