{"id":71713,"date":"2019-12-30T12:23:00","date_gmt":"2019-12-30T17:23:00","guid":{"rendered":"https:\/\/linitiative.ca\/International\/habib-jemli-jannoncerai-la-composition-du-gouvernement-ce-lundi-ou-mardi-au-plus-tard\/"},"modified":"2019-12-30T12:23:00","modified_gmt":"2019-12-30T17:23:00","slug":"habib-jemli-jannoncerai-la-composition-du-gouvernement-ce-lundi-ou-mardi-au-plus-tard","status":"publish","type":"post","link":"https:\/\/linitiative.ca\/International\/habib-jemli-jannoncerai-la-composition-du-gouvernement-ce-lundi-ou-mardi-au-plus-tard\/","title":{"rendered":"Habib Jemli: \u00ab j&rsquo;annoncerai la composition du gouvernement ce lundi ou mardi au plus  tard\u00bb"},"content":{"rendered":"<p>\u00abJe suis parvenu \u00e0 un accord avec le pr\u00e9sident de la R\u00e9publique, Kais Sa\u00efed, sur les portefeuilles minist\u00e9riels des Affaires \u00e9trang\u00e8res et de la D\u00e9fense\u00bb.<br \/>C\u2019est ce qu\u2019a d\u00e9clar\u00e9 lundi apr\u00e8s-midi le chef de Gouvernement d\u00e9sign\u00e9 \u00e0 l\u2019issue d\u2019un entretien avec le pr\u00e9sident Ka\u00efs Sa\u00efed, au Palais de Carthage, \u00ab je suis en train d&rsquo;apporter la derni\u00e8re main au prochain gouvernement \u00bb. Il a ajout\u00e9 qu\u2019il annoncerait la composition du gouvernement \u00abaujourd\u2019hui ou demain au plus tard \u00bb.<br \/>Il a ni\u00e9\u00a0 l\u2019existence d\u2019un diff\u00e9rend avec le pr\u00e9sident de la R\u00e9publique tout en pr\u00e9cisant que le mouvement Ennahdha qui l\u2019a d\u00e9sign\u00e9 pour former le futur gouvernement ne l\u2019a pas abandonn\u00e9 et qu\u2019il b\u00e9n\u00e9ficiait de son soutien\u00bb.<br \/>\u00a0<\/p>\n<p>Auteur:<br \/>\n<a href=\"https:\/\/www.leaders.com.tn\/article\/28748-habib-jemli-j-annoncerai-la-composition-du-gouvernement-ce-lundi-ou-mardi-au-plus-tard\">Cliquez ici pour lire l&rsquo;article depuis sa source.<\/a><\/p>\n","protected":false},"excerpt":{"rendered":"<p>\u00abJe suis parvenu \u00e0 un accord avec le pr\u00e9sident de la R\u00e9publique, Kais Sa\u00efed, sur les portefeuilles minist\u00e9riels des Affaires \u00e9trang\u00e8res et de la D\u00e9fense\u00bb.C\u2019est ce qu\u2019a d\u00e9clar\u00e9 lundi apr\u00e8s-midi le chef de Gouvernement d\u00e9sign\u00e9 \u00e0 l\u2019issue d\u2019un entretien avec le pr\u00e9sident Ka\u00efs Sa\u00efed, au Palais de Carthage, \u00ab je suis en train d&rsquo;apporter la [&hellip;]<\/p>\n","protected":false},"author":1772,"featured_media":0,"comment_status":"closed","ping_status":"closed","sticky":false,"template":"","format":"standard","meta":{"fifu_image_url":"","fifu_image_alt":"","footnotes":""},"categories":[73,55],"tags":[],"class_list":["post-71713","post","type-post","status-publish","format-standard","hentry","category-actualite","category-tunisie"],"_links":{"self":[{"href":"https:\/\/linitiative.ca\/International\/wp-json\/wp\/v2\/posts\/71713","targetHints":{"allow":["GET"]}}],"collection":[{"href":"https:\/\/linitiative.ca\/International\/wp-json\/wp\/v2\/posts"}],"about":[{"href":"https:\/\/linitiative.ca\/International\/wp-json\/wp\/v2\/types\/post"}],"author":[{"embeddable":true,"href":"https:\/\/linitiative.ca\/International\/wp-json\/wp\/v2\/users\/1772"}],"replies":[{"embeddable":true,"href":"https:\/\/linitiative.ca\/International\/wp-json\/wp\/v2\/comments?post=71713"}],"version-history":[{"count":0,"href":"https:\/\/linitiative.ca\/International\/wp-json\/wp\/v2\/posts\/71713\/revisions"}],"wp:attachment":[{"href":"https:\/\/linitiative.ca\/International\/wp-json\/wp\/v2\/media?parent=71713"}],"wp:term":[{"taxonomy":"category","embeddable":true,"href":"https:\/\/linitiative.ca\/International\/wp-json\/wp\/v2\/categories?post=71713"},{"taxonomy":"post_tag","embeddable":true,"href":"https:\/\/linitiative.ca\/International\/wp-json\/wp\/v2\/tags?post=71713"}],"curies":[{"name":"wp","href":"https:\/\/api.w.org\/{rel}","templated":true}]}}