{"id":71716,"date":"2019-12-30T13:40:00","date_gmt":"2019-12-30T18:40:00","guid":{"rendered":"https:\/\/linitiative.ca\/International\/deces-de-lancien-ministre-et-ambassadeur-slaheddine-maaoui-la-diplomatie-et-la-communication-tunisiennes-en-deuil\/"},"modified":"2019-12-30T13:40:00","modified_gmt":"2019-12-30T18:40:00","slug":"deces-de-lancien-ministre-et-ambassadeur-slaheddine-maaoui-la-diplomatie-et-la-communication-tunisiennes-en-deuil","status":"publish","type":"post","link":"https:\/\/linitiative.ca\/International\/deces-de-lancien-ministre-et-ambassadeur-slaheddine-maaoui-la-diplomatie-et-la-communication-tunisiennes-en-deuil\/","title":{"rendered":"D\u00e9c\u00e8s de l\u2019ancien ministre et ambassadeur Slaheddine Maaoui : la diplomatie et la communication tunisiennes en deuil"},"content":{"rendered":"<p>Son sourire restera ineffable. Slaheddine Maaoui, n\u2019est plus ! Terrass\u00e9 lundi apr\u00e8s-midi par une crise cardiaque, il laisse le souvenir d\u2019un homme affable et courtois, et d\u2019une belle plume. Longtemps directeur du journal La Presse, conseiller politique \u00e0 la pr\u00e9sidence de la R\u00e9publique, PDG de l\u2019ATCE, ministre de la Communication, du Tourisme et de l\u2019Artisanat, ambassadeur \u00e0 Ryadh et directeur g\u00e9n\u00e9ral de l\u2019ASBU, l\u2019Union des radio-t\u00e9l\u00e9visions arabes, il avait toujours cultiv\u00e9 le sens de l\u2019amiti\u00e9 en valeur sup\u00e9rieure.<\/p>\n<p>Encore \u00e9tudiant en droit (il obtiendra sa ma\u00eetrise en droit public), Slaheddine Maaoui avait rejoint, d\u00e9but des ann\u00e9es 1970,\u00a0 l\u2019\u00e9quipe du journal La Presse alors dirig\u00e9e par Amor Belkhiria. La R\u00e9daction comptait alors la fine fleur des journalistes francophones de la place : Youssef Seddiq, Mohamed Mahfoudh, Abdelhamid Gmati, Eliane Badri, Hassen El Mekki et autres Brahim Labassi&#8230; Il y fera ses d\u00e9buts et finira quelques ann\u00e9es apr\u00e8s par en prendre les commandes. Le journalisme qui m\u00e8ne \u00e0 tout \u00e0 condition de savoir s\u2019en sortir, lui ouvrira alors la porte de la politique et de la diplomatie.<br \/>Allah Yerhamou !<br \/>\u00a0<\/p>\n<p>Auteur:<br \/>\n<a href=\"https:\/\/www.leaders.com.tn\/article\/28750-deces-de-l-ancien-ministre-et-ambassadeur-slaheddine-maaoui-la-diplomatie-et-la-communication-tunisiennes-en-deuil\">Cliquez ici pour lire l&rsquo;article depuis sa source.<\/a><\/p>\n","protected":false},"excerpt":{"rendered":"<p>Son sourire restera ineffable. Slaheddine Maaoui, n\u2019est plus ! Terrass\u00e9 lundi apr\u00e8s-midi par une crise cardiaque, il laisse le souvenir d\u2019un homme affable et courtois, et d\u2019une belle plume. Longtemps directeur du journal La Presse, conseiller politique \u00e0 la pr\u00e9sidence de la R\u00e9publique, PDG de l\u2019ATCE, ministre de la Communication, du Tourisme et de l\u2019Artisanat, [&hellip;]<\/p>\n","protected":false},"author":1772,"featured_media":0,"comment_status":"closed","ping_status":"closed","sticky":false,"template":"","format":"standard","meta":{"fifu_image_url":"","fifu_image_alt":"","footnotes":""},"categories":[73,55],"tags":[],"class_list":["post-71716","post","type-post","status-publish","format-standard","hentry","category-actualite","category-tunisie"],"_links":{"self":[{"href":"https:\/\/linitiative.ca\/International\/wp-json\/wp\/v2\/posts\/71716","targetHints":{"allow":["GET"]}}],"collection":[{"href":"https:\/\/linitiative.ca\/International\/wp-json\/wp\/v2\/posts"}],"about":[{"href":"https:\/\/linitiative.ca\/International\/wp-json\/wp\/v2\/types\/post"}],"author":[{"embeddable":true,"href":"https:\/\/linitiative.ca\/International\/wp-json\/wp\/v2\/users\/1772"}],"replies":[{"embeddable":true,"href":"https:\/\/linitiative.ca\/International\/wp-json\/wp\/v2\/comments?post=71716"}],"version-history":[{"count":0,"href":"https:\/\/linitiative.ca\/International\/wp-json\/wp\/v2\/posts\/71716\/revisions"}],"wp:attachment":[{"href":"https:\/\/linitiative.ca\/International\/wp-json\/wp\/v2\/media?parent=71716"}],"wp:term":[{"taxonomy":"category","embeddable":true,"href":"https:\/\/linitiative.ca\/International\/wp-json\/wp\/v2\/categories?post=71716"},{"taxonomy":"post_tag","embeddable":true,"href":"https:\/\/linitiative.ca\/International\/wp-json\/wp\/v2\/tags?post=71716"}],"curies":[{"name":"wp","href":"https:\/\/api.w.org\/{rel}","templated":true}]}}