{"id":71717,"date":"2019-12-30T14:10:00","date_gmt":"2019-12-30T19:10:00","guid":{"rendered":"https:\/\/linitiative.ca\/International\/qui-est-kamel-ayadi-pressenti-pour-le-poste-de-ministre-de-la-defense-nationale\/"},"modified":"2019-12-30T14:10:00","modified_gmt":"2019-12-30T19:10:00","slug":"qui-est-kamel-ayadi-pressenti-pour-le-poste-de-ministre-de-la-defense-nationale","status":"publish","type":"post","link":"https:\/\/linitiative.ca\/International\/qui-est-kamel-ayadi-pressenti-pour-le-poste-de-ministre-de-la-defense-nationale\/","title":{"rendered":"Qui est Kamel Ayadi, pressenti pour le poste de ministre de la D\u00e9fense nationale"},"content":{"rendered":"<p>Un accord serait intervenu entre le pr\u00e9sident de la R\u00e9publique, Kais Saied et le chef du gouvernement nomin\u00e9 Habib Jemli quant au choix des futurs ministres de la D\u00e9fense et des Affaires \u00e9trang\u00e8res. C\u2019est ainsi que Kamel Ayadi serait pressenti \u00e0 la D\u00e9fense et Othman Jerandi, aux Affaires \u00e9trang\u00e8res.<\/p>\n<p>Ing\u00e9nieur de formation, Ayadi, 59 ans, natif du Nord-Ouest, \u00e9tait depuis octobre 2016, pr\u00e9sident du Haut Comit\u00e9 du Contr\u00f4le Administratif et Financier, relevant de la pr\u00e9sidence de la R\u00e9publique. Auparavant, il avait fait partie du gouvernement Habib Essid, de janvier \u00e0 ao\u00fbt 2016, en qualit\u00e9 de ministre de la Fonction Publique, de la Gouvernance et de la Lutte contre la Corruption.<\/p>\n<p>Kamel Ayadi, indique sa biographie officielle, est n\u00e9 en 1960.Il est titulaire d\u2019un dipl\u00f4me d\u2019ing\u00e9nieur de l\u2019ENIT, d\u2019un dipl\u00f4me d\u2019\u00e9tudes sup\u00e9rieures sp\u00e9cialis\u00e9es en Droit, et un dipl\u00f4me de langue anglaise de l\u2019Universit\u00e9 de Cambridge. Expert international en strat\u00e9gie de gestion de l\u2019int\u00e9grit\u00e9 et de lutte anti-corruption et formateur certifi\u00e9 par des institutions am\u00e9ricaines en \u00e9thique, gouvernance, leadership et strat\u00e9gie d\u2019int\u00e9grit\u00e9.<\/p>\n<p>Il a assum\u00e9 plusieurs responsabilit\u00e9s dont celle de Pr\u00e9sident de l\u2019Instance Nationale des T\u00e9l\u00e9communications et de Secr\u00e9taire d\u2019Etat au Minist\u00e8re de l\u2019Equipement et de l\u2019Am\u00e9nagement du Territoire. Il fut \u00e9galement Secr\u00e9taire G\u00e9n\u00e9ral puis Pr\u00e9sident de l\u2019Ordre des Ing\u00e9nieurs de Tunisie, avant d\u2019assurer successivement les fonctions de vice-pr\u00e9sident, puis Pr\u00e9sident de la F\u00e9d\u00e9ration Mondiale des Organisations d\u2019Ing\u00e9nieurs de 1999 \u00e0 2013.<\/p>\n<p>Il a re\u00e7u le Prix International \u2018\u2019Georges Washington\u2019\u2019 pour l\u2019ann\u00e9e 2011 d\u00e9cern\u00e9 par l\u2019Union des Ing\u00e9nieurs Am\u00e9ricains, en reconnaissance de ses efforts de leadership international et ses travaux pour la lutte contre la corruption. Kamel Ayadi est tr\u00e8s actif, avant et apr\u00e8s la r\u00e9volution, dans les domaines du d\u00e9veloppement r\u00e9gional, de la gouvernance, de la lutte anti-corruption et de la science et de la technologie. Il a fond\u00e9 et pr\u00e9sid\u00e9 des institutions agissant dans ces domaines, telles que le Centre de R\u00e9flexion Strat\u00e9gique pour le D\u00e9veloppement R\u00e9gional, le Centre International pour la Lutte Contre la Corruption et l\u2019Institut Mondial de l\u2019Ethique et du Leadership. Il a particip\u00e9 \u00e0 la r\u00e9alisation de plusieurs \u00e9tudes et des consultations sur ces sujets. Il est actif depuis vingt ans au niveau international.<\/p>\n<p>Par ailleurs, M. Ayadi a pr\u00e9sid\u00e9, anim\u00e9 et contribu\u00e9 \u00e0 des groupes de travail pour la r\u00e9alisation de travaux et \u00e9tudes pour le compte d\u2019institutions internationales telles que l\u2019ONU, (groupe de travail science et technologie,) l\u2019UNESCO,( rapport international sur l\u2019ing\u00e9nierie), Projet Mondial de la Justice, Brookings Institutions, L\u2019Alliance Mondiale des Nations Unies pour les technologies de l\u2019information et des communications au service du d\u00e9veloppement .Il a contribu\u00e9 de mani\u00e8re active \u00e0 des \u00e9v\u00e8nements de l\u2019ONU dont en particulier le Sommet Mondial sur la Soci\u00e9t\u00e9 de l\u2019Information et a \u00e9t\u00e9 \u00e9lu en tant que membre du bureau international de la soci\u00e9t\u00e9 civile relevant des Nations Unies de 2001\u00e0 2005 repr\u00e9sentant la communaut\u00e9 internationale science et technologie. Il est \u00e9galement membre correspondant de l\u2019Acad\u00e9mie Pana am\u00e9ricaine de l\u2019ing\u00e9nierie et membre honoraire du forum mondial de l\u2019Innovation.<\/p>\n<p>Il a \u00e9t\u00e9 de 2007 \u00e0 2013 le pr\u00e9sident fondateur de la commission internationale permanente pour la lutte contre la corruption. Il est \u00e9galement conseiller et repr\u00e9sentant du Centre Britannique pour la Lutte Contre la Corruption aupr\u00e8s de la r\u00e9gion MENA. Il contribue en tant que membre du groupe de travail charg\u00e9 par l\u2019Organisation Internationale de la Normalisation au d\u00e9veloppement de la norme internationale sur la corruption. Il a contribu\u00e9 de tr\u00e8s pr\u00e8s au d\u00e9veloppement de la premi\u00e8re norme Anti-bribery pour le compte du British Standard Institute.<\/p>\n<p>Depuis 2005 il est \u00e0 la t\u00eate d\u2019un r\u00e9seau d\u2019experts internationaux dans le domaine de l\u2019\u00e9thique et la lutte contre la corruption. Il a d\u00e9velopp\u00e9 et g\u00e9r\u00e9 des projets de renforcement des capacit\u00e9s dans le domaine de lutte contre la corruption financ\u00e9s par le PNUD, la Banque Mondiale (Global Partnership for Social Accountability), le Minist\u00e8re des Affaires Etrang\u00e8res du Royaume des Pays Bas, le Projet Mondial de la Justice. Il a donn\u00e9 plus de 150 conf\u00e9rences dans des congr\u00e8s et s\u00e9minaires internationaux dans 70 pays. Il a pr\u00e9sid\u00e9, organis\u00e9 et contribu\u00e9 \u00e0 plus de 100 congr\u00e8s internationaux en Tunisie et dans d\u2019autres pays (Inde2007, Br\u00e9sil2008, Koweit 2009, Argentine 2010, Gen\u00e8ve2011).<br \/>\u00a0<\/p>\n<p>Auteur:<br \/>\n<a href=\"https:\/\/www.leaders.com.tn\/article\/28751-qui-est-kamel-ayadi-pressenti-pour-le-poste-de-ministre-de-la-defense-nationale\">Cliquez ici pour lire l&rsquo;article depuis sa source.<\/a><\/p>\n","protected":false},"excerpt":{"rendered":"<p>Un accord serait intervenu entre le pr\u00e9sident de la R\u00e9publique, Kais Saied et le chef du gouvernement nomin\u00e9 Habib Jemli quant au choix des futurs ministres de la D\u00e9fense et des Affaires \u00e9trang\u00e8res. C\u2019est ainsi que Kamel Ayadi serait pressenti \u00e0 la D\u00e9fense et Othman Jerandi, aux Affaires \u00e9trang\u00e8res. Ing\u00e9nieur de formation, Ayadi, 59 ans, [&hellip;]<\/p>\n","protected":false},"author":1772,"featured_media":0,"comment_status":"closed","ping_status":"closed","sticky":false,"template":"","format":"standard","meta":{"fifu_image_url":"","fifu_image_alt":"","footnotes":""},"categories":[73,55],"tags":[],"class_list":["post-71717","post","type-post","status-publish","format-standard","hentry","category-actualite","category-tunisie"],"_links":{"self":[{"href":"https:\/\/linitiative.ca\/International\/wp-json\/wp\/v2\/posts\/71717","targetHints":{"allow":["GET"]}}],"collection":[{"href":"https:\/\/linitiative.ca\/International\/wp-json\/wp\/v2\/posts"}],"about":[{"href":"https:\/\/linitiative.ca\/International\/wp-json\/wp\/v2\/types\/post"}],"author":[{"embeddable":true,"href":"https:\/\/linitiative.ca\/International\/wp-json\/wp\/v2\/users\/1772"}],"replies":[{"embeddable":true,"href":"https:\/\/linitiative.ca\/International\/wp-json\/wp\/v2\/comments?post=71717"}],"version-history":[{"count":0,"href":"https:\/\/linitiative.ca\/International\/wp-json\/wp\/v2\/posts\/71717\/revisions"}],"wp:attachment":[{"href":"https:\/\/linitiative.ca\/International\/wp-json\/wp\/v2\/media?parent=71717"}],"wp:term":[{"taxonomy":"category","embeddable":true,"href":"https:\/\/linitiative.ca\/International\/wp-json\/wp\/v2\/categories?post=71717"},{"taxonomy":"post_tag","embeddable":true,"href":"https:\/\/linitiative.ca\/International\/wp-json\/wp\/v2\/tags?post=71717"}],"curies":[{"name":"wp","href":"https:\/\/api.w.org\/{rel}","templated":true}]}}