{"id":71721,"date":"2019-12-30T05:00:00","date_gmt":"2019-12-30T10:00:00","guid":{"rendered":"https:\/\/linitiative.ca\/International\/la-russie-apportera-une-reponse-adequate-aux-sanctions-americaines\/"},"modified":"2019-12-30T05:00:00","modified_gmt":"2019-12-30T10:00:00","slug":"la-russie-apportera-une-reponse-adequate-aux-sanctions-americaines","status":"publish","type":"post","link":"https:\/\/linitiative.ca\/International\/la-russie-apportera-une-reponse-adequate-aux-sanctions-americaines\/","title":{"rendered":"La Russie apportera une r\u00e9ponse ad\u00e9quate aux sanctions am\u00e9ricaines"},"content":{"rendered":"<p>La Russie apportera une r\u00e9ponse \u00e9quilibr\u00e9e et ad\u00e9quate aux sanctions am\u00e9ricaines contre le projet Nord Stream 2, tout en veillant \u00e0 achever le projet malgr\u00e9 les restrictions impos\u00e9es par Washington, a affirm\u00e9 dimanche le vice-Premier ministre russe, Dmitry Kozak.<br \/>\u00abNous prendrons une d\u00e9cision \u00e9quilibr\u00e9e et ad\u00e9quate quant \u00e0 la r\u00e9ponse aux sanctions am\u00e9ricaines contre le projet Nord Stream 2 et je peux assurer que le projet sera achev\u00e9, quelles que soient les sanctions et les restrictions\u00bb, a soulign\u00e9 le responsable russe dans une interview \u00e0 la premi\u00e8re cha\u00eene de t\u00e9l\u00e9vision russe \u00abRossiya-1\u00bb.<br \/>Le vice-Premier ministre russe a not\u00e9 que les Etats-Unis \u00abont une conception diff\u00e9rente en ce qui concerne la garantie de la s\u00e9curit\u00e9 \u00e9nerg\u00e9tique de l&rsquo;Europe\u00bb, affect\u00e9e par ces sanctions, ajoutant que si la s\u00e9curit\u00e9 \u00e9nerg\u00e9tique de la Russie \u00e9tait menac\u00e9e par cette d\u00e9cision, la Russie r\u00e9agirait \u00abfermement\u00bb.<br \/>Les sanctions am\u00e9ricaines contre les projets Nord Stream 2 et Turkish Stream sont entr\u00e9es en vigueur le 20 d\u00e9cembre, provoquant notamment la suspension des travaux pour la construction du Nord Stream par la soci\u00e9t\u00e9 suisse charg\u00e9e de la pose des gazoducs \u00abAllseas\u00bb.<br \/>Construit \u00e0 plus de 80%, le projet Nord Stream 2 doit relier la Russie \u00e0 l\u2019Allemagne via la mer Baltique et doubler, \u00e0 son entr\u00e9e en service fin 2019 ou d\u00e9but 2020, la quantit\u00e9 de gaz naturel russe livr\u00e9e \u00e0 l\u2019Europe.<br \/>Dot\u00e9 d\u2019un investissement de 10 milliards d\u2019euros, le projet est d\u00e9tenu \u00e0 50% par le g\u00e9ant russe Gazprom et la m\u00eame part appartient \u00e0 cinq soci\u00e9t\u00e9s europ\u00e9ennes (OMV, Wintershall Dea, Engie, Uniper et Shell).<\/p>\n<p>Auteur:<br \/>\n<a href=\"https:\/\/www.lesoirdalgerie.com\/monde\/la-russie-apportera-une-reponse-adequate-aux-sanctions-americaines-36114\">Cliquez ici pour lire l&rsquo;article depuis sa source.<\/a><\/p>\n","protected":false},"excerpt":{"rendered":"<p>La Russie apportera une r\u00e9ponse \u00e9quilibr\u00e9e et ad\u00e9quate aux sanctions am\u00e9ricaines contre le projet Nord Stream 2, tout en veillant \u00e0 achever le projet malgr\u00e9 les restrictions impos\u00e9es par Washington, a affirm\u00e9 dimanche le vice-Premier ministre russe, Dmitry Kozak.\u00abNous prendrons une d\u00e9cision \u00e9quilibr\u00e9e et ad\u00e9quate quant \u00e0 la r\u00e9ponse aux sanctions am\u00e9ricaines contre le projet [&hellip;]<\/p>\n","protected":false},"author":1741,"featured_media":0,"comment_status":"closed","ping_status":"closed","sticky":false,"template":"","format":"standard","meta":{"fifu_image_url":"","fifu_image_alt":"","footnotes":""},"categories":[73,53],"tags":[],"class_list":["post-71721","post","type-post","status-publish","format-standard","hentry","category-actualite","category-algerie"],"_links":{"self":[{"href":"https:\/\/linitiative.ca\/International\/wp-json\/wp\/v2\/posts\/71721","targetHints":{"allow":["GET"]}}],"collection":[{"href":"https:\/\/linitiative.ca\/International\/wp-json\/wp\/v2\/posts"}],"about":[{"href":"https:\/\/linitiative.ca\/International\/wp-json\/wp\/v2\/types\/post"}],"author":[{"embeddable":true,"href":"https:\/\/linitiative.ca\/International\/wp-json\/wp\/v2\/users\/1741"}],"replies":[{"embeddable":true,"href":"https:\/\/linitiative.ca\/International\/wp-json\/wp\/v2\/comments?post=71721"}],"version-history":[{"count":0,"href":"https:\/\/linitiative.ca\/International\/wp-json\/wp\/v2\/posts\/71721\/revisions"}],"wp:attachment":[{"href":"https:\/\/linitiative.ca\/International\/wp-json\/wp\/v2\/media?parent=71721"}],"wp:term":[{"taxonomy":"category","embeddable":true,"href":"https:\/\/linitiative.ca\/International\/wp-json\/wp\/v2\/categories?post=71721"},{"taxonomy":"post_tag","embeddable":true,"href":"https:\/\/linitiative.ca\/International\/wp-json\/wp\/v2\/tags?post=71721"}],"curies":[{"name":"wp","href":"https:\/\/api.w.org\/{rel}","templated":true}]}}