{"id":71725,"date":"2019-12-30T13:21:26","date_gmt":"2019-12-30T18:21:26","guid":{"rendered":"https:\/\/linitiative.ca\/International\/tunisie-deces-de-lancien-ministre-slaheddine-maaoui\/"},"modified":"2019-12-30T13:21:26","modified_gmt":"2019-12-30T18:21:26","slug":"tunisie-deces-de-lancien-ministre-slaheddine-maaoui","status":"publish","type":"post","link":"https:\/\/linitiative.ca\/International\/tunisie-deces-de-lancien-ministre-slaheddine-maaoui\/","title":{"rendered":"Tunisie \u2013 D\u00e9c\u00e8s de l\u2019ancien ministre Slaheddine Ma\u00e2oui"},"content":{"rendered":"<div class=\"post-cont-in left relative\">\n<p>Slaheddine Ma\u00e2oui, ancien ministre, notamment du tourisme, sous Ben Ali, est d\u00e9c\u00e9d\u00e9 ce lundi 30 d\u00e9cembre en d\u00e9but de soir\u00e9e, suite \u00e0 une attaque cardiaque. Il \u00e9tait \u00e2g\u00e9 de 69 ans.<\/p>\n<div class=\"code-block code-block-1 c3\"><ins class=\"adsbygoogle c2\" data-ad-layout=\"in-article\" data-ad-format=\"fluid\" data-ad-client=\"ca-pub-2102118777505746\" data-ad-slot=\"7301775417\"\/> <\/div>\n<p>Paix \u00e0 son \u00e2me et sinc\u00e8res condol\u00e9ances \u00e0 sa famille et ses proches.<\/p>\n<div class=\"swp_social_panel swp_horizontal_panel swp_flat_fresh swp_default_full_color swp_individual_full_color swp_other_full_color scale-100 scale-\" data-min-width=\"1100\" data-float-color=\"#ffffff\" data-float=\"bottom\" data-float-mobile=\"bottom\" data-transition=\"slide\">\n<div class=\"nc_tweetContainer swp_share_button total_shares total_sharesalt\"><span class=\"swp_count\">117 <span class=\"swp_label\">Partages<\/span><\/span><\/div>\n<\/div>\n<p><strong>Que se passe-t-il en Tunisie?<\/strong><br \/>Nous expliquons sur notre <a href=\"https:\/\/www.youtube.com\/channel\/UCRzypVq0B_yBad5eGrwBx0Q?sub_confirmation=1\" target=\"_blank\" rel=\"noopener noreferrer\">cha\u00eene YouTube<\/a> . <a href=\"https:\/\/www.youtube.com\/channel\/UCRzypVq0B_yBad5eGrwBx0Q?sub_confirmation=1\" target=\"_blank\" rel=\"noopener noreferrer\">Abonnez-vous!<\/a><\/p>\n<div class=\"mvp-org-wrap mvp-org-logo\" itemprop=\"publisher\" itemscope=\"\" itemtype=\"https:\/\/schema.org\/Organization\"><img decoding=\"async\" src=\"https:\/\/www.tunisienumerique.com\/wp-content\/uploads\/2017\/02\/logo_tunisie_numerique.png\"\/><\/div>\n<div class=\"mvp-related-posts left relative\">\n<h4 class=\"post-header\"><span class=\"post-header\">Lire aussi<\/span><\/h4>\n<\/div>\n<\/div>\n<p>Auteur: LM<br \/>\n<a href=\"https:\/\/www.tunisienumerique.com\/tunisie-deces-de-lancien-ministre-slaheddine-maaoui\/\">Cliquez ici pour lire l&rsquo;article depuis sa source.<\/a><\/p>\n","protected":false},"excerpt":{"rendered":"<p>Slaheddine Ma\u00e2oui, ancien ministre, notamment du tourisme, sous Ben Ali, est d\u00e9c\u00e9d\u00e9 ce lundi 30 d\u00e9cembre en d\u00e9but de soir\u00e9e, suite \u00e0 une attaque cardiaque. Il \u00e9tait \u00e2g\u00e9 de 69 ans. Paix \u00e0 son \u00e2me et sinc\u00e8res condol\u00e9ances \u00e0 sa famille et ses proches. 117 Partages Que se passe-t-il en Tunisie?Nous expliquons sur notre cha\u00eene [&hellip;]<\/p>\n","protected":false},"author":1789,"featured_media":71726,"comment_status":"closed","ping_status":"closed","sticky":false,"template":"","format":"standard","meta":{"fifu_image_url":"","fifu_image_alt":"","footnotes":""},"categories":[73,55],"tags":[],"class_list":["post-71725","post","type-post","status-publish","format-standard","has-post-thumbnail","hentry","category-actualite","category-tunisie"],"_links":{"self":[{"href":"https:\/\/linitiative.ca\/International\/wp-json\/wp\/v2\/posts\/71725","targetHints":{"allow":["GET"]}}],"collection":[{"href":"https:\/\/linitiative.ca\/International\/wp-json\/wp\/v2\/posts"}],"about":[{"href":"https:\/\/linitiative.ca\/International\/wp-json\/wp\/v2\/types\/post"}],"author":[{"embeddable":true,"href":"https:\/\/linitiative.ca\/International\/wp-json\/wp\/v2\/users\/1789"}],"replies":[{"embeddable":true,"href":"https:\/\/linitiative.ca\/International\/wp-json\/wp\/v2\/comments?post=71725"}],"version-history":[{"count":0,"href":"https:\/\/linitiative.ca\/International\/wp-json\/wp\/v2\/posts\/71725\/revisions"}],"wp:featuredmedia":[{"embeddable":true,"href":"https:\/\/linitiative.ca\/International\/wp-json\/"}],"wp:attachment":[{"href":"https:\/\/linitiative.ca\/International\/wp-json\/wp\/v2\/media?parent=71725"}],"wp:term":[{"taxonomy":"category","embeddable":true,"href":"https:\/\/linitiative.ca\/International\/wp-json\/wp\/v2\/categories?post=71725"},{"taxonomy":"post_tag","embeddable":true,"href":"https:\/\/linitiative.ca\/International\/wp-json\/wp\/v2\/tags?post=71725"}],"curies":[{"name":"wp","href":"https:\/\/api.w.org\/{rel}","templated":true}]}}