{"id":71729,"date":"2019-12-30T16:13:38","date_gmt":"2019-12-30T21:13:38","guid":{"rendered":"https:\/\/linitiative.ca\/International\/tunisie-pas-de-partisans-au-gouvernement-comment-ghannouchi-veut-se-payer-la-tete-des-gens\/"},"modified":"2019-12-30T16:13:38","modified_gmt":"2019-12-30T21:13:38","slug":"tunisie-pas-de-partisans-au-gouvernement-comment-ghannouchi-veut-se-payer-la-tete-des-gens","status":"publish","type":"post","link":"https:\/\/linitiative.ca\/International\/tunisie-pas-de-partisans-au-gouvernement-comment-ghannouchi-veut-se-payer-la-tete-des-gens\/","title":{"rendered":"Tunisie \u2013 Pas de partisans au gouvernement\u00a0: Comment Ghannouchi veut se payer la t\u00eate des gens\u00a0!"},"content":{"rendered":"<div class=\"post-cont-in left relative\">\n<p>D\u00e9cid\u00e9ment, <a href=\"https:\/\/www.tunisienumerique.com\/tunisie-actualite\/rached-ghannouchi\/\" title=\"Rached Ghannouchi\" target=\"_top\" class=\"auto-link\" rel=\"noopener noreferrer\">Rached Ghannouchi<\/a> n\u2019aura pas fini d\u2019\u00e9tonner les tunisiens. Non pas par son extr\u00eame intelligence, comme il le suppose. Mais plut\u00f4t par sa manie de vouloir prendre les gens pour des imb\u00e9ciles.<\/p>\n<div class=\"code-block code-block-1 c3\"><ins class=\"adsbygoogle c2\" data-ad-layout=\"in-article\" data-ad-format=\"fluid\" data-ad-client=\"ca-pub-2102118777505746\" data-ad-slot=\"7301775417\"\/> <\/div>\n<p>La derni\u00e8re trouvaille du Cheikh,\u00a0vient de sortir \u00e0 l\u2019instant, lors de la r\u00e9union qu\u2019il tient, en ce moment m\u00eame, chez lui, avec <a href=\"https:\/\/www.tunisienumerique.com\/tunisie-actualite\/habib-jemli\/\" title=\"Habib Jemli\" target=\"_top\" class=\"auto-link\" rel=\"noopener noreferrer\">Habib Jemli<\/a>. L\u2019objectif \u00e9tant de trouver une issue \u00e0 la crise suscit\u00e9e par <a href=\"https:\/\/www.tunisienumerique.com\/tunisie-la-phrase-de-trop-de-jemli-qui-a-fache-rached-ghannouchi\/\">la phrase de trop, prononc\u00e9e par Habib Jemli et qui a entra\u00een\u00e9 tout ce blocage<\/a>.<\/p>\n<p>Comme nous l\u2019avions dit hier, la cause du diff\u00e9rend entre les leaders d\u2019<a href=\"https:\/\/www.tunisienumerique.com\/tunisie-actualite\/ennahdha\/\" title=\"Ennahdha\" target=\"_top\" class=\"auto-link\" rel=\"noopener noreferrer\">Ennahdha<\/a> et Habib Jemli, a \u00e9t\u00e9 la phrase\u00a0par laquelle il avait termin\u00e9 sa d\u00e9claration quand il a annonc\u00e9 son intention de passer \u00e0 la mise en place d\u2019un gouvernement de comp\u00e9tences nationales ind\u00e9pendantes. Mais, au lieu de s\u2019arr\u00eater \u00e0 ces mots qui lui avaient \u00e9t\u00e9 dict\u00e9s par le Cheikh, il a pris la libert\u00e9 d\u2019ajouter un petit bout de phrase, qui a mis le feu aux poudres. En effet, Jemli a cru bon de terminer sa d\u00e9claration en disant \u00ab\u00a0comp\u00e9tences nationales ind\u00e9pendantes et \u00e9loign\u00e9es de tous les partis\u00a0\u00bb\u00a0!<\/p>\n<p>Ces quelques mots ajout\u00e9s par Jemli ont, en effet, cr\u00e9\u00e9 la crise qui a bloqu\u00e9 tout le processus. Car, soit il donne des portefeuilles aux dirigeants d\u2019Ennahdha, comme ils l\u2019exigent et l\u00e0 c\u2019est sa cr\u00e9dibilit\u00e9 et celle de tout son gouvernement qui\u00a0vont en p\u00e2tir. Soit il va persister dans sa voie et refuser d\u2019accorder le moindre si\u00e8ge \u00e0 toute personne li\u00e9e de pr\u00e8s ou de loin \u00e0 un parti quelconque, et l\u00e0, ce sont les \u00ab\u00a0dignitaires\u00a0\u00bb d\u2019Ennahdha qui seront f\u00e2ch\u00e9s, mena\u00e7ant de ne pas voter pour le nouveau gouvernement.<\/p>\n<p>Le Cheikh se devait de trouver la parade, pour m\u00e9nager le chou et la ch\u00e8vre\u00a0; car il fallait que Jemli ne contredise pas sa promesse et, en m\u00eame temps, que certains portefeuilles soient accord\u00e9s \u00e0 des leaders d\u2019Ennahdha.<\/p>\n<p>Et cet exp\u00e9dient a \u00e9t\u00e9 vite trouv\u00e9 par le Cheikh, quitte \u00e0 se payer la t\u00eate des tunisiens, qui n\u2019en sont pas \u00e0 leur premi\u00e8re fois. Et, puis, tant pis pour eux. Ce sont, l\u00e0, les cons\u00e9quences de leurs choix \u00e9lectoraux. Donc, le Cheikh a trouv\u00e9 la riposte, en proposant \u00e0 Jemli d\u2019accepter que tout ministre faisant partie de son cabinet devra pr\u00e9senter sa d\u00e9mission de son parti, quitte \u00e0 y revenir, apr\u00e8s son mandat. Voil\u00e0\u2026 C\u2019\u00e9tait, pourtant simple \u00e0 trouver\u2026 A se demander comment ils n\u2019y ont pas pens\u00e9 plus t\u00f4t\u2026 A moins que d\u2019aucuns h\u00e9sitaient \u00e0 se payer de cette fa\u00e7on, trop directe, la\u00a0t\u00eate des tunisiens.<\/p>\n<p>On pr\u00e9sume que Habib Jemli partira de chez le Cheikh, tr\u00e8s content d\u2019avoir trouv\u00e9 le moyen de\u00a0 former son gouvernement de comp\u00e9tences ind\u00e9pendantes. Et, surtout, qu\u2019on ne vienne pas lui dire, apr\u00e8s que la moiti\u00e9 de ses ministres sont des nahdhaouis\u00a0! L\u00e0, il r\u00e9pondra en brandissant les d\u00e9missions d\u00fbment sign\u00e9es. Comme quoi, le fait d\u2019avoir\u00a0paraph\u00e9\u00a0un bout de papier allait annuler et emp\u00eacher toute all\u00e9geance de ces ministres \u00e0 leur \u201csecte\u201d\u2026Pardon! Parti.<\/p>\n<p>Quelle\u00a0audace de vouloir se payer la t\u00eate du citoyen de cette fa\u00e7on! Sachant que personne ne sera dup\u00e9 par ce man\u00e8ge\u2026 Mais, eux, ils s\u2019en fichent. Ils ont \u00e9t\u00e9 \u00e9lus et vont gouverner. Pour ceux qui ne sont pas d\u2019accord, ils n\u2019ont qu\u2019\u00e0 se rappeler qu\u2019il y a en Tunisie, pr\u00e8s de 500 km de c\u00f4tes. Donc, largement de quoi permettre \u00e0 tout le monde de boire de l\u2019eau de mer\u00a0!<\/p>\n<div class=\"swp_social_panel swp_horizontal_panel swp_flat_fresh swp_default_full_color swp_individual_full_color swp_other_full_color scale-100 scale-\" data-min-width=\"1100\" data-float-color=\"#ffffff\" data-float=\"bottom\" data-float-mobile=\"bottom\" data-transition=\"slide\">\n<div class=\"nc_tweetContainer swp_share_button total_shares total_sharesalt\"><span class=\"swp_count\">28 <span class=\"swp_label\">Partages<\/span><\/span><\/div>\n<\/div>\n<p><strong>Que se passe-t-il en Tunisie?<\/strong><br \/>Nous expliquons sur notre <a href=\"https:\/\/www.youtube.com\/channel\/UCRzypVq0B_yBad5eGrwBx0Q?sub_confirmation=1\" target=\"_blank\" rel=\"noopener noreferrer\">cha\u00eene YouTube<\/a> . <a href=\"https:\/\/www.youtube.com\/channel\/UCRzypVq0B_yBad5eGrwBx0Q?sub_confirmation=1\" target=\"_blank\" rel=\"noopener noreferrer\">Abonnez-vous!<\/a><\/p>\n<div class=\"mvp-org-wrap mvp-org-logo\" itemprop=\"publisher\" itemscope=\"\" itemtype=\"https:\/\/schema.org\/Organization\"><img decoding=\"async\" src=\"https:\/\/www.tunisienumerique.com\/wp-content\/uploads\/2017\/02\/logo_tunisie_numerique.png\"\/><\/div>\n<div class=\"mvp-related-posts left relative\">\n<h4 class=\"post-header\"><span class=\"post-header\">Lire aussi<\/span><\/h4>\n<\/div>\n<\/div>\n<p>Auteur: Ramsis<br \/>\n<a href=\"https:\/\/www.tunisienumerique.com\/tunisie-pas-de-partisans-au-gouvernement-comment-ghannouchi-veut-se-payer-la-tete-des-gens\/\">Cliquez ici pour lire l&rsquo;article depuis sa source.<\/a><\/p>\n","protected":false},"excerpt":{"rendered":"<p>D\u00e9cid\u00e9ment, Rached Ghannouchi n\u2019aura pas fini d\u2019\u00e9tonner les tunisiens. Non pas par son extr\u00eame intelligence, comme il le suppose. Mais plut\u00f4t par sa manie de vouloir prendre les gens pour des imb\u00e9ciles. La derni\u00e8re trouvaille du Cheikh,\u00a0vient de sortir \u00e0 l\u2019instant, lors de la r\u00e9union qu\u2019il tient, en ce moment m\u00eame, chez lui, avec Habib [&hellip;]<\/p>\n","protected":false},"author":1789,"featured_media":71730,"comment_status":"closed","ping_status":"closed","sticky":false,"template":"","format":"standard","meta":{"fifu_image_url":"","fifu_image_alt":"","footnotes":""},"categories":[73,55],"tags":[],"class_list":["post-71729","post","type-post","status-publish","format-standard","has-post-thumbnail","hentry","category-actualite","category-tunisie"],"_links":{"self":[{"href":"https:\/\/linitiative.ca\/International\/wp-json\/wp\/v2\/posts\/71729","targetHints":{"allow":["GET"]}}],"collection":[{"href":"https:\/\/linitiative.ca\/International\/wp-json\/wp\/v2\/posts"}],"about":[{"href":"https:\/\/linitiative.ca\/International\/wp-json\/wp\/v2\/types\/post"}],"author":[{"embeddable":true,"href":"https:\/\/linitiative.ca\/International\/wp-json\/wp\/v2\/users\/1789"}],"replies":[{"embeddable":true,"href":"https:\/\/linitiative.ca\/International\/wp-json\/wp\/v2\/comments?post=71729"}],"version-history":[{"count":0,"href":"https:\/\/linitiative.ca\/International\/wp-json\/wp\/v2\/posts\/71729\/revisions"}],"wp:featuredmedia":[{"embeddable":true,"href":"https:\/\/linitiative.ca\/International\/wp-json\/"}],"wp:attachment":[{"href":"https:\/\/linitiative.ca\/International\/wp-json\/wp\/v2\/media?parent=71729"}],"wp:term":[{"taxonomy":"category","embeddable":true,"href":"https:\/\/linitiative.ca\/International\/wp-json\/wp\/v2\/categories?post=71729"},{"taxonomy":"post_tag","embeddable":true,"href":"https:\/\/linitiative.ca\/International\/wp-json\/wp\/v2\/tags?post=71729"}],"curies":[{"name":"wp","href":"https:\/\/api.w.org\/{rel}","templated":true}]}}