{"id":71731,"date":"2019-12-30T16:38:58","date_gmt":"2019-12-30T21:38:58","guid":{"rendered":"https:\/\/linitiative.ca\/International\/tunisie-protestataires-del-kamour-tarek-hadded-recoit-un-courrier-de-la-presidence-de-la-republique\/"},"modified":"2019-12-30T16:38:58","modified_gmt":"2019-12-30T21:38:58","slug":"tunisie-protestataires-del-kamour-tarek-hadded-recoit-un-courrier-de-la-presidence-de-la-republique","status":"publish","type":"post","link":"https:\/\/linitiative.ca\/International\/tunisie-protestataires-del-kamour-tarek-hadded-recoit-un-courrier-de-la-presidence-de-la-republique\/","title":{"rendered":"Tunisie \u2013 Protestataires d\u2019El Kamour\u00a0! Tarek Hadded re\u00e7oit un courrier de la pr\u00e9sidence de la R\u00e9publique"},"content":{"rendered":"<div class=\"post-cont-in left relative\">\n<p>Suite au sit-in et \u00e0 la gr\u00e8ve de la faim, entam\u00e9s par les protestataires d\u2019El Kamour, au sein du si\u00e8ge du gouvernorat de Tataouine, le directeur du cabinet de <a href=\"https:\/\/www.tunisienumerique.com\/tunisie-actualite\/kais-saied\/\" title=\"Ka\u00efs Sa\u00efed\" target=\"_top\" class=\"auto-link\" rel=\"noopener noreferrer\">Ka\u00efs Sa\u00efed<\/a>, Tarek Betta\u00efeb a adress\u00e9 un courrier au porte-parole du sit-in, Tarek Hadded o\u00f9 il assure que leur cause faisait, d\u00e9sormais, partie du centre d\u2019int\u00e9r\u00eat du pr\u00e9sident, Ka\u00efs Sa\u00efed et que ce dernier est en train de suivre le dossier de fa\u00e7on sp\u00e9ciale.<\/p>\n<div class=\"code-block code-block-1 c3\"><ins class=\"adsbygoogle c2\" data-ad-layout=\"in-article\" data-ad-format=\"fluid\" data-ad-client=\"ca-pub-2102118777505746\" data-ad-slot=\"7301775417\"\/> <\/div>\n<p><img loading=\"lazy\" decoding=\"async\" class=\"aligncenter size-full wp-image-485768\" src=\"https:\/\/www.tunisienumerique.com\/wp-content\/uploads\/2019\/12\/lettre.jpg\" alt=\"\" width=\"720\" height=\"960\" srcset=\"https:\/\/www.tunisienumerique.com\/wp-content\/uploads\/2019\/12\/lettre.jpg 720w, https:\/\/www.tunisienumerique.com\/wp-content\/uploads\/2019\/12\/lettre-600x800.jpg 600w\" sizes=\"auto, (max-width: 720px) 100vw, 720px\"\/><\/p>\n<div class=\"swp_social_panel swp_horizontal_panel swp_flat_fresh swp_default_full_color swp_individual_full_color swp_other_full_color scale-100 scale-\" data-min-width=\"1100\" data-float-color=\"#ffffff\" data-float=\"bottom\" data-float-mobile=\"bottom\" data-transition=\"slide\">\n<div class=\"nc_tweetContainer swp_share_button total_shares total_sharesalt\"><span class=\"swp_count\">19 <span class=\"swp_label\">Partages<\/span><\/span><\/div>\n<\/div>\n<p><strong>Que se passe-t-il en Tunisie?<\/strong><br \/>Nous expliquons sur notre <a href=\"https:\/\/www.youtube.com\/channel\/UCRzypVq0B_yBad5eGrwBx0Q?sub_confirmation=1\" target=\"_blank\" rel=\"noopener noreferrer\">cha\u00eene YouTube<\/a> . <a href=\"https:\/\/www.youtube.com\/channel\/UCRzypVq0B_yBad5eGrwBx0Q?sub_confirmation=1\" target=\"_blank\" rel=\"noopener noreferrer\">Abonnez-vous!<\/a><\/p>\n<div class=\"mvp-org-wrap mvp-org-logo\" itemprop=\"publisher\" itemscope=\"\" itemtype=\"https:\/\/schema.org\/Organization\"><img decoding=\"async\" src=\"https:\/\/www.tunisienumerique.com\/wp-content\/uploads\/2017\/02\/logo_tunisie_numerique.png\"\/><\/div>\n<div class=\"mvp-related-posts left relative\">\n<h4 class=\"post-header\"><span class=\"post-header\">Lire aussi<\/span><\/h4>\n<\/div>\n<\/div>\n<p>Auteur: LM<br \/>\n<a href=\"https:\/\/www.tunisienumerique.com\/tunisie-protestataires-del-kamour-tarek-hadded-recoit-un-courrier-de-la-presidence-de-la-republique\/\">Cliquez ici pour lire l&rsquo;article depuis sa source.<\/a><\/p>\n","protected":false},"excerpt":{"rendered":"<p>Suite au sit-in et \u00e0 la gr\u00e8ve de la faim, entam\u00e9s par les protestataires d\u2019El Kamour, au sein du si\u00e8ge du gouvernorat de Tataouine, le directeur du cabinet de Ka\u00efs Sa\u00efed, Tarek Betta\u00efeb a adress\u00e9 un courrier au porte-parole du sit-in, Tarek Hadded o\u00f9 il assure que leur cause faisait, d\u00e9sormais, partie du centre d\u2019int\u00e9r\u00eat [&hellip;]<\/p>\n","protected":false},"author":1789,"featured_media":71732,"comment_status":"closed","ping_status":"closed","sticky":false,"template":"","format":"standard","meta":{"fifu_image_url":"","fifu_image_alt":"","footnotes":""},"categories":[73,55],"tags":[],"class_list":["post-71731","post","type-post","status-publish","format-standard","has-post-thumbnail","hentry","category-actualite","category-tunisie"],"_links":{"self":[{"href":"https:\/\/linitiative.ca\/International\/wp-json\/wp\/v2\/posts\/71731","targetHints":{"allow":["GET"]}}],"collection":[{"href":"https:\/\/linitiative.ca\/International\/wp-json\/wp\/v2\/posts"}],"about":[{"href":"https:\/\/linitiative.ca\/International\/wp-json\/wp\/v2\/types\/post"}],"author":[{"embeddable":true,"href":"https:\/\/linitiative.ca\/International\/wp-json\/wp\/v2\/users\/1789"}],"replies":[{"embeddable":true,"href":"https:\/\/linitiative.ca\/International\/wp-json\/wp\/v2\/comments?post=71731"}],"version-history":[{"count":0,"href":"https:\/\/linitiative.ca\/International\/wp-json\/wp\/v2\/posts\/71731\/revisions"}],"wp:featuredmedia":[{"embeddable":true,"href":"https:\/\/linitiative.ca\/International\/wp-json\/"}],"wp:attachment":[{"href":"https:\/\/linitiative.ca\/International\/wp-json\/wp\/v2\/media?parent=71731"}],"wp:term":[{"taxonomy":"category","embeddable":true,"href":"https:\/\/linitiative.ca\/International\/wp-json\/wp\/v2\/categories?post=71731"},{"taxonomy":"post_tag","embeddable":true,"href":"https:\/\/linitiative.ca\/International\/wp-json\/wp\/v2\/tags?post=71731"}],"curies":[{"name":"wp","href":"https:\/\/api.w.org\/{rel}","templated":true}]}}