{"id":71733,"date":"2019-12-30T17:02:29","date_gmt":"2019-12-30T22:02:29","guid":{"rendered":"https:\/\/linitiative.ca\/International\/tunisie-nabil-karoui-aura-roule-a-fond-pour-ennahdha-sans-rien-obtenir\/"},"modified":"2019-12-30T17:02:29","modified_gmt":"2019-12-30T22:02:29","slug":"tunisie-nabil-karoui-aura-roule-a-fond-pour-ennahdha-sans-rien-obtenir","status":"publish","type":"post","link":"https:\/\/linitiative.ca\/International\/tunisie-nabil-karoui-aura-roule-a-fond-pour-ennahdha-sans-rien-obtenir\/","title":{"rendered":"Tunisie \u2013 Nabil Karoui aura roul\u00e9 \u00e0 fond pour Ennahdha sans rien obtenir"},"content":{"rendered":"<div class=\"post-cont-in left relative\">\n<p>Selon les derni\u00e8res indiscr\u00e9tions issues de Dar Dhiafa, la liste des membres du gouvernement de <a href=\"https:\/\/www.tunisienumerique.com\/tunisie-actualite\/habib-jemli\/\" title=\"Habib Jemli\" target=\"_top\" class=\"auto-link\" rel=\"noopener noreferrer\">Habib Jemli<\/a> serait sur le point d\u2019\u00eatre boucl\u00e9e. Mis force est de constater qu\u2019elle ne comporte aucun nom parmi ceux propos\u00e9s par 9alb Tounes. En effet, bien que 9alb Tounes s\u2019en \u00e9tait tenu \u00e0 ne proposer aucune personnalit\u00e9 appartenant au parti, mais uniquement des ind\u00e9pendants, aucun de ses candidats n\u2019a \u00e9t\u00e9 retenu. Comme, par exemple, Fadhel Abdelkafi, Ali Kooli et Mnaouar Ouertani.<\/p>\n<div class=\"code-block code-block-1 c3\"><ins class=\"adsbygoogle c2\" data-ad-layout=\"in-article\" data-ad-format=\"fluid\" data-ad-client=\"ca-pub-2102118777505746\" data-ad-slot=\"7301775417\"\/> <\/div>\n<p>R\u00e9sultat des courses, <a href=\"https:\/\/www.tunisienumerique.com\/tunisie-actualite\/nabil-karoui\/\" title=\"Nabil Karoui\" target=\"_top\" class=\"auto-link\" rel=\"noopener noreferrer\">Nabil Karoui<\/a> et son parti auront fait tout ce boulot pour <a href=\"https:\/\/www.tunisienumerique.com\/tunisie-actualite\/ennahdha\/\" title=\"Ennahdha\" target=\"_top\" class=\"auto-link\" rel=\"noopener noreferrer\">Ennahdha<\/a>, sans rien obtenir, en contrepartie, sauf, peut-\u00eatre, de vagues promesses de classer ses dossiers judiciaires.<\/p>\n<p>Pourtant, avec tous les probl\u00e8mes qui l\u2019ont secou\u00e9e, ces derni\u00e8res semaines, jamais Ennahdha n\u2019a \u00e9t\u00e9 aussi fragile et aussi d\u00e9stabilis\u00e9e. Elle s\u2019est, m\u00eame, trouv\u00e9e isol\u00e9e, au milieu de tous les partis politiques qui l\u2019ont l\u00e2ch\u00e9e.<\/p>\n<p>Et dans ces circonstances, un rien aurait suffi, pour la mettre hors d\u2019\u00e9tat de nuire, une fois pour toutes.<\/p>\n<p>Et pourtant, non. Et le meilleur, c\u2019est qu\u2019elle a trouv\u00e9 un soutien quasi inesp\u00e9r\u00e9, de la part de parties suppos\u00e9s lui \u00eatre oppos\u00e9es, \u00e0 savoir 9alb Tounes, et le bloc de la r\u00e9forme nationale conduit par Hassouna Nasfi.<\/p>\n<p>C\u2019est ce qui se passe quand la classe politique est truff\u00e9e de gens qui mettent leurs propres int\u00e9r\u00eats, et parfois, m\u00eame pas, avant les int\u00e9r\u00eats de la Nation et des citoyens\u00a0!<\/p>\n<div class=\"swp_social_panel swp_horizontal_panel swp_flat_fresh swp_default_full_color swp_individual_full_color swp_other_full_color scale-100 scale-\" data-min-width=\"1100\" data-float-color=\"#ffffff\" data-float=\"bottom\" data-float-mobile=\"bottom\" data-transition=\"slide\">\n<div class=\"nc_tweetContainer swp_share_button total_shares total_sharesalt\"><span class=\"swp_count\">1 <span class=\"swp_label\">Partages<\/span><\/span><\/div>\n<\/div>\n<p><strong>Que se passe-t-il en Tunisie?<\/strong><br \/>Nous expliquons sur notre <a href=\"https:\/\/www.youtube.com\/channel\/UCRzypVq0B_yBad5eGrwBx0Q?sub_confirmation=1\" target=\"_blank\" rel=\"noopener noreferrer\">cha\u00eene YouTube<\/a> . <a href=\"https:\/\/www.youtube.com\/channel\/UCRzypVq0B_yBad5eGrwBx0Q?sub_confirmation=1\" target=\"_blank\" rel=\"noopener noreferrer\">Abonnez-vous!<\/a><\/p>\n<div class=\"mvp-org-wrap mvp-org-logo\" itemprop=\"publisher\" itemscope=\"\" itemtype=\"https:\/\/schema.org\/Organization\"><img decoding=\"async\" src=\"https:\/\/www.tunisienumerique.com\/wp-content\/uploads\/2017\/02\/logo_tunisie_numerique.png\"\/><\/div>\n<div class=\"mvp-related-posts left relative\">\n<h4 class=\"post-header\"><span class=\"post-header\">Lire aussi<\/span><\/h4>\n<\/div>\n<\/div>\n<p>Auteur: Saber .<br \/>\n<a href=\"https:\/\/www.tunisienumerique.com\/tunisie-nabil-karoui-aura-roule-a-fond-pour-ennahdha-sans-rien-obtenir\/\">Cliquez ici pour lire l&rsquo;article depuis sa source.<\/a><\/p>\n","protected":false},"excerpt":{"rendered":"<p>Selon les derni\u00e8res indiscr\u00e9tions issues de Dar Dhiafa, la liste des membres du gouvernement de Habib Jemli serait sur le point d\u2019\u00eatre boucl\u00e9e. Mis force est de constater qu\u2019elle ne comporte aucun nom parmi ceux propos\u00e9s par 9alb Tounes. En effet, bien que 9alb Tounes s\u2019en \u00e9tait tenu \u00e0 ne proposer aucune personnalit\u00e9 appartenant au [&hellip;]<\/p>\n","protected":false},"author":1789,"featured_media":71734,"comment_status":"closed","ping_status":"closed","sticky":false,"template":"","format":"standard","meta":{"fifu_image_url":"","fifu_image_alt":"","footnotes":""},"categories":[73,55],"tags":[],"class_list":["post-71733","post","type-post","status-publish","format-standard","has-post-thumbnail","hentry","category-actualite","category-tunisie"],"_links":{"self":[{"href":"https:\/\/linitiative.ca\/International\/wp-json\/wp\/v2\/posts\/71733","targetHints":{"allow":["GET"]}}],"collection":[{"href":"https:\/\/linitiative.ca\/International\/wp-json\/wp\/v2\/posts"}],"about":[{"href":"https:\/\/linitiative.ca\/International\/wp-json\/wp\/v2\/types\/post"}],"author":[{"embeddable":true,"href":"https:\/\/linitiative.ca\/International\/wp-json\/wp\/v2\/users\/1789"}],"replies":[{"embeddable":true,"href":"https:\/\/linitiative.ca\/International\/wp-json\/wp\/v2\/comments?post=71733"}],"version-history":[{"count":0,"href":"https:\/\/linitiative.ca\/International\/wp-json\/wp\/v2\/posts\/71733\/revisions"}],"wp:featuredmedia":[{"embeddable":true,"href":"https:\/\/linitiative.ca\/International\/wp-json\/"}],"wp:attachment":[{"href":"https:\/\/linitiative.ca\/International\/wp-json\/wp\/v2\/media?parent=71733"}],"wp:term":[{"taxonomy":"category","embeddable":true,"href":"https:\/\/linitiative.ca\/International\/wp-json\/wp\/v2\/categories?post=71733"},{"taxonomy":"post_tag","embeddable":true,"href":"https:\/\/linitiative.ca\/International\/wp-json\/wp\/v2\/tags?post=71733"}],"curies":[{"name":"wp","href":"https:\/\/api.w.org\/{rel}","templated":true}]}}