{"id":71736,"date":"2019-12-30T15:08:16","date_gmt":"2019-12-30T20:08:16","guid":{"rendered":"https:\/\/linitiative.ca\/International\/soupcons-de-fraudes-a-la-presidentielle-bissau-guineenne\/"},"modified":"2019-12-30T15:08:16","modified_gmt":"2019-12-30T20:08:16","slug":"soupcons-de-fraudes-a-la-presidentielle-bissau-guineenne","status":"publish","type":"post","link":"https:\/\/linitiative.ca\/International\/soupcons-de-fraudes-a-la-presidentielle-bissau-guineenne\/","title":{"rendered":"SOUPCONS DE FRAUDES\u00a0 A LA PRESIDENTIELLE BISSAU-GUINEENNE"},"content":{"rendered":"<div class=\"stream-item stream-item-above-post-content\">\n<p><noscript><\/p>\n<p><a href=\"\/\/www3.smartadserver.com\/ac?jump=1&#038;nwid=2136&#038;siteid=240610&#038;pgname=rg&#038;fmtid=49046&#038;visit=m&#038;tmstp=[timestamp]&#038;out=nonrich\" target=\"_blank\" rel=\"noopener noreferrer\"><img decoding=\"async\" src=\"\/\/www3.smartadserver.com\/ac?out=nonrich&#038;nwid=2136&#038;siteid=240610&#038;pgname=rg&#038;fmtid=49046&#038;visit=m&#038;tmstp=[timestamp]\" border=\"0\" alt=\"\"\/><\/a><\/p>\n<p><\/noscript><\/div>\n<p class=\"c3\">Nouvelle ann\u00e9e, nouveau pr\u00e9sident pour les Bissau-guin\u00e9ens. En effet, c\u2019est, en principe, demain, 1<sup>er<\/sup> janvier 2020, que la Commission \u00e9lectorale \u00a0dudit pays donne rendez-vous pour la proclamation des r\u00e9sultats du second tour de la pr\u00e9sidentielle du 29 d\u00e9cembre dernier, qui opposait le candidat du PAIGC (Parti africain pour l\u2019ind\u00e9pendance de la Guin\u00e9e et du Cap-Vert) au pouvoir, Domingos Simoes Pereira, \u00e0 celui de l\u2019opposition, Umaro Sissoco Embalo du Madem G15. Arriv\u00e9s respectivement premier et deuxi\u00e8me \u00e0 l\u2019issue du premier tour qui a vu l\u2019\u00e9limination du pr\u00e9sident sortant, ces deux ex-Premiers ministres qui se veulent porteurs d\u2019espoirs de changement, sont all\u00e9s \u00e0 la p\u00eache aux voix de leurs compatriotes pour succ\u00e9der \u00e0 Jos\u00e9 Mario Vaz dont l\u2019obstination et la volont\u00e9 affich\u00e9e de se tailler une \u00e9lection sur mesure, a failli entra\u00eener le pays dans le chaos.<\/p>\n<p><strong>\u00a0<\/strong><\/p>\n<p><strong>La Guin\u00e9e-Bissau n\u2019a pas besoin d\u2019une crise post\u00e9lectorale qui ne pourrait que remettre en cause la paix sociale<\/strong><\/p>\n<p><strong>\u00a0<\/strong><\/p>\n<p class=\"c3\">Mais en pleines op\u00e9rations de d\u00e9pouillement et de compilation des r\u00e9sultats, le candidat de l\u2019opposition relayera des all\u00e9gations de fraudes contre le minist\u00e8re de l\u2019Int\u00e9rieur et la Commission \u00e9lectorale accus\u00e9es de rouler pour son rival dont ils travailleraient \u00e0 favoriser la victoire. Accusations balay\u00e9es du revers de la main par \u00ab\u00a0<em>la CNE<\/em> [qui] <em>profite de cette occasion pour r\u00e9futer des informations qui circulent sur les r\u00e9seaux sociaux relatives \u00e0 une tentative de fraude \u00e9lectorale\u00a0<\/em>\u00bb. Par ailleurs, \u00ab\u00a0<em>la Commission appelle la population \u00e0 rester calme, sereine et vigilante face aux manipulations qui mettent en cause le processus \u00e9lectoral<\/em>\u00a0\u00bb. Embalo serait-il alors un mauvais perdant qui, sentant sa d\u00e9faite venir, a d\u00e9cid\u00e9 de prendre les devants en ruant dans les brancards\u00a0? En tout cas, si sa d\u00e9marche ne participe pas de la pr\u00e9paration des esprits \u00e0 un \u00e9chec probable, cela y ressemble fort. Mais en portant des accusations aussi graves dont on se demande o\u00f9 il trouvera les preuves mat\u00e9rielles, Umaro Sissoko Embalo adopte une posture qui ne le grandit pas. Et \u00a0ce serait bien dommage que le pays retombe dans un climat de tensions apr\u00e8s l\u2019\u00e9pisode du pr\u00e9sident sortant dont les vell\u00e9it\u00e9s et autres tentatives de confiscation de l\u2019organisation du scrutin \u00e0 son profit, ont failli mettre le feu aux poudres. Cette \u00e9lection n\u2019a pas connu d\u2019incident majeur et bien des observateurs et pas des moindres s\u2019accordent \u00e0 en reconna\u00eetre le bon d\u00e9roulement. Mais apr\u00e8s tous les tiraillements qui ont pr\u00e9c\u00e9d\u00e9 la tenue du scrutin, la Guin\u00e9e-Bissau n\u2019a pas besoin d\u2019une crise post\u00e9lectorale qui ne pourrait que remettre en cause la paix sociale. En tout cas, \u00e0 moins de chercher des poux sur un crane ras\u00e9,\u00a0 on peut difficilement trouver \u00e0 redire sur la transparence de ce scrutin dont le d\u00e9pouillement, tout comme le vote, s\u2019est souvent d\u00e9roul\u00e9 en plein air et en public. C\u2019est pourquoi il faut esp\u00e9rer que les j\u00e9r\u00e9miades\u00a0 du candidat de l\u2019opposition, pour autant qu\u2019elles soient justifi\u00e9es, ne d\u00e9borderont pas du cadre l\u00e9gal et r\u00e9publicain au point de mettre \u00e0 mal la paix sociale.<\/p>\n<p><strong>Il est temps, pour les Africains, de rompre avec cette tendance \u00e0 la contestation syst\u00e9matique<\/strong><\/p>\n<p><strong>\u00a0<\/strong><\/p>\n<p class=\"c3\">Et si ces contestations avant l\u2019heure devaient \u00eatre les signes annonciateurs de la d\u00e9b\u00e2cle de leur auteur, la victoire du candidat du PAIGC ne serait pas non plus une surprise. Car, \u00e0 y regarder de pr\u00e8s, l\u2019on se demande comment avec ses 28% au premier tour, Umaro Sissoko Embalo pouvait combler son retard sur son adversaire qui avait d\u00e9j\u00e0 r\u00e9colt\u00e9 plus de 40% des voix, dans un scrutin o\u00f9 le report des voix est loin d\u2019ob\u00e9ir \u00e0 une logique math\u00e9matique. C\u2019est pourquoi, si sa d\u00e9faite venait \u00e0 \u00eatre confirm\u00e9e, cela ne manquerait pas de logique aux yeux de nombre de ses compatriotes voire au-del\u00e0. Et ce serait la preuve que les Bissau-guin\u00e9ens ont fait le choix de la continuit\u00e9 avec le PAIGC dont l\u2019histoire se confond avec celle du pays depuis son ind\u00e9pendance. Par contre, si Embalo l\u2019emportait au <em>finish<\/em>, il cr\u00e9erait non seulement une v\u00e9ritable surprise, mais il se mettrait aussi dans l\u2019embarras pour avoir jet\u00e9 la suspicion sur les r\u00e9sultats. C\u2019est pourquoi l\u2019on peut \u00eatre aussi port\u00e9 \u00e0 croire que ses cris d\u2019orfraie auront peu de chances d\u2019\u00eatre entendus. En tout \u00e9tat de cause, il est temps, pour les Africains, de rompre avec cette tendance \u00e0 la contestation syst\u00e9matique lors des \u00e9lections. Malgr\u00e9 l\u2019enjeu, il faut savoir raison garder et surtout faire preuve de <em>fair-play<\/em> et de maturit\u00e9 politique, lorsque la situation l\u2019exige. Cela participe aussi du renforcement de la d\u00e9mocratie.<\/p>\n<p><strong>\u00a0<\/strong><\/p>\n<p><strong><em>\u00a0\u00ab\u00a0Le Pays\u00a0\u00bb<\/em><\/strong><\/p>\n<p><strong>\u00a0<\/strong><\/p>\n<p>Auteur: Le Pays<br \/>\n<a href=\"http:\/\/lepays.bf\/soupcons-de-fraudes-a-la-presidentielle-bissau-guineenne\/\">Cliquez ici pour lire l&rsquo;article depuis sa source.<\/a><\/p>\n","protected":false},"excerpt":{"rendered":"<p>Nouvelle ann\u00e9e, nouveau pr\u00e9sident pour les Bissau-guin\u00e9ens. En effet, c\u2019est, en principe, demain, 1er janvier 2020, que la Commission \u00e9lectorale \u00a0dudit pays donne rendez-vous pour la proclamation des r\u00e9sultats du second tour de la pr\u00e9sidentielle du 29 d\u00e9cembre dernier, qui opposait le candidat du PAIGC (Parti africain pour l\u2019ind\u00e9pendance de la Guin\u00e9e et du Cap-Vert) [&hellip;]<\/p>\n","protected":false},"author":1813,"featured_media":0,"comment_status":"closed","ping_status":"closed","sticky":false,"template":"","format":"standard","meta":{"fifu_image_url":"","fifu_image_alt":"","footnotes":""},"categories":[73,81],"tags":[],"class_list":["post-71736","post","type-post","status-publish","format-standard","hentry","category-actualite","category-burkina-faso"],"_links":{"self":[{"href":"https:\/\/linitiative.ca\/International\/wp-json\/wp\/v2\/posts\/71736","targetHints":{"allow":["GET"]}}],"collection":[{"href":"https:\/\/linitiative.ca\/International\/wp-json\/wp\/v2\/posts"}],"about":[{"href":"https:\/\/linitiative.ca\/International\/wp-json\/wp\/v2\/types\/post"}],"author":[{"embeddable":true,"href":"https:\/\/linitiative.ca\/International\/wp-json\/wp\/v2\/users\/1813"}],"replies":[{"embeddable":true,"href":"https:\/\/linitiative.ca\/International\/wp-json\/wp\/v2\/comments?post=71736"}],"version-history":[{"count":0,"href":"https:\/\/linitiative.ca\/International\/wp-json\/wp\/v2\/posts\/71736\/revisions"}],"wp:attachment":[{"href":"https:\/\/linitiative.ca\/International\/wp-json\/wp\/v2\/media?parent=71736"}],"wp:term":[{"taxonomy":"category","embeddable":true,"href":"https:\/\/linitiative.ca\/International\/wp-json\/wp\/v2\/categories?post=71736"},{"taxonomy":"post_tag","embeddable":true,"href":"https:\/\/linitiative.ca\/International\/wp-json\/wp\/v2\/tags?post=71736"}],"curies":[{"name":"wp","href":"https:\/\/api.w.org\/{rel}","templated":true}]}}