{"id":71737,"date":"2019-12-30T15:14:28","date_gmt":"2019-12-30T20:14:28","guid":{"rendered":"https:\/\/linitiative.ca\/International\/tensions-sociopolitiques-au-liberia\/"},"modified":"2019-12-30T15:14:28","modified_gmt":"2019-12-30T20:14:28","slug":"tensions-sociopolitiques-au-liberia","status":"publish","type":"post","link":"https:\/\/linitiative.ca\/International\/tensions-sociopolitiques-au-liberia\/","title":{"rendered":"TENSIONS SOCIOPOLITIQUES AU LIBERIA"},"content":{"rendered":"<div class=\"featured-area featured-area-inner\"><img loading=\"lazy\" decoding=\"async\" width=\"780\" height=\"470\" src=\"http:\/\/lepays.bf\/wp-content\/uploads\/2019\/12\/WEAH-780x470.jpg\" class=\"attachment-jannah-image-post size-jannah-image-post wp-post-image\" alt=\"\"\/><\/div>\n<div class=\"entry-content entry clearfix\" readability=\"66\">\n<div class=\"stream-item stream-item-above-post-content\">\n<p><noscript><\/p>\n<p><a href=\"\/\/www3.smartadserver.com\/ac?jump=1&#038;nwid=2136&#038;siteid=240610&#038;pgname=rg&#038;fmtid=49046&#038;visit=m&#038;tmstp=[timestamp]&#038;out=nonrich\" target=\"_blank\" rel=\"noopener noreferrer\"><img decoding=\"async\" src=\"\/\/www3.smartadserver.com\/ac?out=nonrich&#038;nwid=2136&#038;siteid=240610&#038;pgname=rg&#038;fmtid=49046&#038;visit=m&#038;tmstp=[timestamp]\" border=\"0\" alt=\"\"\/><\/a><\/p>\n<p><\/noscript><\/div>\n<p class=\"c3\">Apr\u00e8s la marche du 7 juin dernier qui avait mobilis\u00e9 des milliers de personnes, l\u2019opposition lib\u00e9rienne a remis le couvert en appelant \u00e0 une journ\u00e9e de manifestation le 30 d\u00e9cembre 2019, et ce en d\u00e9pit de l\u2019interdiction des rassemblements en vigueur jusqu\u2019\u00e0 la fin du mois de janvier, d\u00e9cr\u00e9t\u00e9e par le gouvernement. La soci\u00e9t\u00e9 civile soutenue par l\u2019opposition politique, reproche, entre autres, au gouvernement de George Weah au pouvoir depuis bient\u00f4t deux ans, de n\u2019avoir pas apport\u00e9 de r\u00e9ponses satisfaisantes pour combattre la pauvret\u00e9 et exige des mesures urgentes devant permettre de renforcer la lutte contre la corruption dans ce petit pays anglophone d\u2019Afrique de l\u2019Ouest qui sort \u00e0 peine d\u2019une guerre civile. Pour qui conna\u00eet donc l\u2019histoire du Liberia, il y a de quoi nourrir de s\u00e9rieuses appr\u00e9hensions face \u00e0 la tension qui monte depuis quelques mois\u00a0; certains Lib\u00e9riens n\u2019h\u00e9sitant pas \u00e0 r\u00e9clamer ouvertement le d\u00e9part du pouvoir, de l\u2019ex-star du PSG et du Milan AC. D\u00e8s lors, on comprend pourquoi les Nations unies et la Communaut\u00e9 \u00e9conomique des Etats de l\u2019Afrique de l\u2019Ouest (CEDEAO) ont vite donn\u00e9 de la voix, appelant les deux parties (pouvoir et opposition) \u00e0 la retenue au risque de r\u00e9veiller les vieux d\u00e9mons dans un pays qui cherche toujours \u00e0 panser ses plaies.<\/p>\n<p class=\"c3\"><strong>Les Lib\u00e9riens semblent galvanis\u00e9s par ce qui se passe dans d\u2019autres pays<\/strong><\/p>\n<p class=\"c3\">Et le moins que l\u2019on puisse dire, c\u2019est que leur cri du c\u0153ur semble avoir \u00e9t\u00e9 entendu. Car, la marche du 30 d\u00e9cembre dernier qui cristallisait beaucoup d\u2019attentions au regard des risques de d\u00e9rapages, a \u00e9t\u00e9 finalement report\u00e9e au 6 janvier prochain. C\u2019est dire si l\u2019opposition n\u2019entend pas se laisser conter fleurette\u00a0; tant elle est d\u00e9cid\u00e9e et d\u00e9termin\u00e9e \u00e0 aller jusqu\u2019au bout. Et le pr\u00e9sident Weah aurait tort de minimiser ce mouvement de col\u00e8re qui prend de l\u2019ampleur dans son pays. Weah doit jouer balle \u00e0 terre. Car, s\u2019il n\u2019y prend garde, il pourrait en payer son fauteuil. D\u2019autant que les Lib\u00e9riens, plus que jamais, semblent galvanis\u00e9s par ce qui se passe dans d\u2019autres pays o\u00f9 des \u00a0manifs de rues ont fini par avoir raison m\u00eame de dictateurs que d\u2019aucuns croyaient ind\u00e9boulonnables. C\u2019est le cas, par exemple, du Soudan o\u00f9 apr\u00e8s trois d\u00e9cennies de r\u00e8gne sans partage, le despote Omar El B\u00e9chir a fini par rompre les amarres suite \u00e0 des \u00e9meutes de la faim qui avaient \u00e9clat\u00e9 dans son pays. Et ce n\u2019est pas le seul cas. Il en existe bien d\u2019autres sur le continent africain o\u00f9 la jeunesse d\u00e9sabus\u00e9e, n\u2019h\u00e9site plus \u00e0 prendre son destin en main. S\u2019il veut donc s\u2019\u00e9viter une sortie de l\u2019histoire par la fen\u00eatre, le ballon d\u2019or africain gagnerait \u00e0 prendre langue avec son opposition pour qu\u2019ensemble, ils discutent de l\u2019avenir du Liberia qui a d\u00e9j\u00e0 tant souffert le martyre.<\/p>\n<p><strong>B.O<\/strong><\/p>\n<p><strong>\u00a0<\/strong><\/p>\n<p><strong>\u00a0<\/strong><\/p>\n<\/div>\n<p>Auteur: Le Pays<br \/>\n<a href=\"http:\/\/lepays.bf\/tensions-sociopolitiques-au-liberia\/\">Cliquez ici pour lire l&rsquo;article depuis sa source.<\/a><\/p>\n","protected":false},"excerpt":{"rendered":"<p>Apr\u00e8s la marche du 7 juin dernier qui avait mobilis\u00e9 des milliers de personnes, l\u2019opposition lib\u00e9rienne a remis le couvert en appelant \u00e0 une journ\u00e9e de manifestation le 30 d\u00e9cembre 2019, et ce en d\u00e9pit de l\u2019interdiction des rassemblements en vigueur jusqu\u2019\u00e0 la fin du mois de janvier, d\u00e9cr\u00e9t\u00e9e par le gouvernement. La soci\u00e9t\u00e9 civile [&hellip;]<\/p>\n","protected":false},"author":1813,"featured_media":71738,"comment_status":"closed","ping_status":"closed","sticky":false,"template":"","format":"standard","meta":{"fifu_image_url":"","fifu_image_alt":"","footnotes":""},"categories":[73,81],"tags":[],"class_list":["post-71737","post","type-post","status-publish","format-standard","has-post-thumbnail","hentry","category-actualite","category-burkina-faso"],"_links":{"self":[{"href":"https:\/\/linitiative.ca\/International\/wp-json\/wp\/v2\/posts\/71737","targetHints":{"allow":["GET"]}}],"collection":[{"href":"https:\/\/linitiative.ca\/International\/wp-json\/wp\/v2\/posts"}],"about":[{"href":"https:\/\/linitiative.ca\/International\/wp-json\/wp\/v2\/types\/post"}],"author":[{"embeddable":true,"href":"https:\/\/linitiative.ca\/International\/wp-json\/wp\/v2\/users\/1813"}],"replies":[{"embeddable":true,"href":"https:\/\/linitiative.ca\/International\/wp-json\/wp\/v2\/comments?post=71737"}],"version-history":[{"count":0,"href":"https:\/\/linitiative.ca\/International\/wp-json\/wp\/v2\/posts\/71737\/revisions"}],"wp:featuredmedia":[{"embeddable":true,"href":"https:\/\/linitiative.ca\/International\/wp-json\/"}],"wp:attachment":[{"href":"https:\/\/linitiative.ca\/International\/wp-json\/wp\/v2\/media?parent=71737"}],"wp:term":[{"taxonomy":"category","embeddable":true,"href":"https:\/\/linitiative.ca\/International\/wp-json\/wp\/v2\/categories?post=71737"},{"taxonomy":"post_tag","embeddable":true,"href":"https:\/\/linitiative.ca\/International\/wp-json\/wp\/v2\/tags?post=71737"}],"curies":[{"name":"wp","href":"https:\/\/api.w.org\/{rel}","templated":true}]}}