{"id":71739,"date":"2019-12-30T15:49:05","date_gmt":"2019-12-30T20:49:05","guid":{"rendered":"https:\/\/linitiative.ca\/International\/homme-de-lannee-des-editions-sidwaya-chapeau-aux-fds\/"},"modified":"2019-12-30T15:49:05","modified_gmt":"2019-12-30T20:49:05","slug":"homme-de-lannee-des-editions-sidwaya-chapeau-aux-fds","status":"publish","type":"post","link":"https:\/\/linitiative.ca\/International\/homme-de-lannee-des-editions-sidwaya-chapeau-aux-fds\/","title":{"rendered":"Homme de l\u2019ann\u00e9e des Editions Sidwaya : chapeau aux FDS !"},"content":{"rendered":"<div class=\"td-post-featured-image\"><a href=\"https:\/\/i1.wp.com\/www.sidwaya.info\/wp-content\/uploads\/2019\/12\/1-53.jpg?fit=595%2C436&#038;ssl=1\" data-caption=\"\"><img loading=\"lazy\" decoding=\"async\" width=\"595\" height=\"436\" class=\"entry-thumb td-modal-image\" src=\"https:\/\/i1.wp.com\/www.sidwaya.info\/wp-content\/uploads\/2019\/12\/1-53.jpg?resize=595%2C436&#038;ssl=1\" srcset=\"https:\/\/i1.wp.com\/www.sidwaya.info\/wp-content\/uploads\/2019\/12\/1-53.jpg?w=595&#038;ssl=1 595w, https:\/\/i1.wp.com\/www.sidwaya.info\/wp-content\/uploads\/2019\/12\/1-53.jpg?resize=300%2C220&#038;ssl=1 300w, https:\/\/i1.wp.com\/www.sidwaya.info\/wp-content\/uploads\/2019\/12\/1-53.jpg?resize=573%2C420&#038;ssl=1 573w, https:\/\/i1.wp.com\/www.sidwaya.info\/wp-content\/uploads\/2019\/12\/1-53.jpg?resize=80%2C60&#038;ssl=1 80w\" sizes=\"auto, (max-width: 595px) 100vw, 595px\" alt=\"\" title=\"1\"\/><\/a><\/div>\n<p>Les Forces de d\u00e9fense et de s\u00e9curit\u00e9 (FDS) ont \u00e9t\u00e9 d\u00e9sign\u00e9es \u00e0 l\u2019unanimit\u00e9 par les Editions Sidwaya, comme \u00ab personnalit\u00e9 de l\u2019ann\u00e9e 2019 \u00bb. En choisissant ces hommes et femmes, nous voulons saluer leur courage, leur d\u00e9termination et leur don de soi, eux qui ont fait le serment de d\u00e9fendre la m\u00e8re-patrie jusqu\u2019au sacrifice supr\u00eame. Ces Hommes, qui ont appris l\u2019art de la guerre pour pr\u00e9server la paix, ont \u00e9t\u00e9 amen\u00e9s \u00e0 faire face \u00e0 des groupes arm\u00e9s terroristes qui veulent d\u00e9stabiliser le Burkina Faso. Face \u00e0 l\u2019adversit\u00e9, ils font preuve de combativit\u00e9 dans cette guerre asym\u00e9trique impos\u00e9e \u00e0 la nation. M\u00eame les pertes humaines subies en leur sein n\u2019ont pas affect\u00e9 le moral des troupes plus que jamais d\u00e9cid\u00e9es \u00e0 en d\u00e9coudre avec les forces du mal. Bien au contraire, nos FDS sont mont\u00e9es en puissance et sont en train de faire subir des revers aux assaillants. Dans la journ\u00e9e du 24 d\u00e9cembre 2019, pour ne citer que ce haut fait de guerre, ils ont abattu 80 individus arm\u00e9s non identifi\u00e9s \u00e0 Arbinda dans le Sahel. En les faisant Hommes de l\u2019ann\u00e9e, c\u2019est \u00e9galement un t\u00e9moignage de solidarit\u00e9 et de compassion envers les veuves et les orphelins des FDS tomb\u00e9es sur le champ de bataille, mais aussi \u00e0 la m\u00e9moire de tous les civils d\u00e9c\u00e9d\u00e9s \u00e0 la suite des attaques terroristes. Malgr\u00e9 les \u00e9motions que cela suscite, le Burkina est et restera debout, comme l\u2019a dit le chef de l\u2019Etat, Roch Marc Christian Kabor\u00e9. Vaille que vaille, nous vaincrons les ennemis de la nation !<\/p>\n<p class=\"c1\"><strong>La R\u00e9daction<\/strong><\/p>\n<div class=\"td-a-rec td-a-rec-id-content_inline tdi_30_455 td_block_template_1\"><a href=\"https:\/\/www.sidwaya.info\/wp-content\/uploads\/2019\/12\/Bandeau-11-De%CC%81cembre-3.jpg\"><img loading=\"lazy\" decoding=\"async\" src=\"https:\/\/www.sidwaya.info\/wp-content\/uploads\/2019\/12\/Bandeau-11-De%CC%81cembre-3.jpg\" alt=\"\" width=\"720\" height=\"90\" class=\"aligncenter size-full wp-image-17180\"\/><\/a><\/div>\n<div class=\"td-a-rec td-a-rec-id-content_bottom tdi_31_a66 td_block_template_1\"><img loading=\"lazy\" decoding=\"async\" class=\"aligncenter size-full wp-image-9623\" src=\"https:\/\/www.sidwaya.info\/wp-content\/uploads\/2019\/06\/Projet-bannie%CC%80re-Orange-mobile.jpg\" alt=\"\" width=\"728\" height=\"81\"\/><\/div>\n<p>Auteur: DD. Sidwaya<br \/>\n<a href=\"https:\/\/www.sidwaya.info\/blog\/2019\/12\/30\/homme-de-lannee-des-editions-sidwaya-chapeau-aux-fds\/\">Cliquez ici pour lire l&rsquo;article depuis sa source.<\/a><\/p>\n","protected":false},"excerpt":{"rendered":"<p>Les Forces de d\u00e9fense et de s\u00e9curit\u00e9 (FDS) ont \u00e9t\u00e9 d\u00e9sign\u00e9es \u00e0 l\u2019unanimit\u00e9 par les Editions Sidwaya, comme \u00ab personnalit\u00e9 de l\u2019ann\u00e9e 2019 \u00bb. En choisissant ces hommes et femmes, nous voulons saluer leur courage, leur d\u00e9termination et leur don de soi, eux qui ont fait le serment de d\u00e9fendre la m\u00e8re-patrie jusqu\u2019au sacrifice supr\u00eame. [&hellip;]<\/p>\n","protected":false},"author":1816,"featured_media":0,"comment_status":"closed","ping_status":"closed","sticky":false,"template":"","format":"standard","meta":{"fifu_image_url":"","fifu_image_alt":"","footnotes":""},"categories":[73,81],"tags":[],"class_list":["post-71739","post","type-post","status-publish","format-standard","hentry","category-actualite","category-burkina-faso"],"_links":{"self":[{"href":"https:\/\/linitiative.ca\/International\/wp-json\/wp\/v2\/posts\/71739","targetHints":{"allow":["GET"]}}],"collection":[{"href":"https:\/\/linitiative.ca\/International\/wp-json\/wp\/v2\/posts"}],"about":[{"href":"https:\/\/linitiative.ca\/International\/wp-json\/wp\/v2\/types\/post"}],"author":[{"embeddable":true,"href":"https:\/\/linitiative.ca\/International\/wp-json\/wp\/v2\/users\/1816"}],"replies":[{"embeddable":true,"href":"https:\/\/linitiative.ca\/International\/wp-json\/wp\/v2\/comments?post=71739"}],"version-history":[{"count":0,"href":"https:\/\/linitiative.ca\/International\/wp-json\/wp\/v2\/posts\/71739\/revisions"}],"wp:attachment":[{"href":"https:\/\/linitiative.ca\/International\/wp-json\/wp\/v2\/media?parent=71739"}],"wp:term":[{"taxonomy":"category","embeddable":true,"href":"https:\/\/linitiative.ca\/International\/wp-json\/wp\/v2\/categories?post=71739"},{"taxonomy":"post_tag","embeddable":true,"href":"https:\/\/linitiative.ca\/International\/wp-json\/wp\/v2\/tags?post=71739"}],"curies":[{"name":"wp","href":"https:\/\/api.w.org\/{rel}","templated":true}]}}