{"id":71740,"date":"2019-12-30T15:51:17","date_gmt":"2019-12-30T20:51:17","guid":{"rendered":"https:\/\/linitiative.ca\/International\/guinee-bissau-le-bout-du-tunnel\/"},"modified":"2019-12-30T15:51:17","modified_gmt":"2019-12-30T20:51:17","slug":"guinee-bissau-le-bout-du-tunnel","status":"publish","type":"post","link":"https:\/\/linitiative.ca\/International\/guinee-bissau-le-bout-du-tunnel\/","title":{"rendered":"Guin\u00e9e Bissau : le bout du tunnel ?"},"content":{"rendered":"<div class=\"td-post-featured-image\"><a href=\"https:\/\/i1.wp.com\/www.sidwaya.info\/wp-content\/uploads\/2019\/12\/Trait-de-plume-2.jpg?fit=738%2C493&#038;ssl=1\" data-caption=\"\"><img loading=\"lazy\" decoding=\"async\" width=\"696\" height=\"465\" class=\"entry-thumb td-modal-image\" src=\"https:\/\/i1.wp.com\/www.sidwaya.info\/wp-content\/uploads\/2019\/12\/Trait-de-plume-2.jpg?resize=696%2C465&#038;ssl=1\" srcset=\"https:\/\/i1.wp.com\/www.sidwaya.info\/wp-content\/uploads\/2019\/12\/Trait-de-plume-2.jpg?w=738&#038;ssl=1 738w, https:\/\/i1.wp.com\/www.sidwaya.info\/wp-content\/uploads\/2019\/12\/Trait-de-plume-2.jpg?resize=300%2C200&#038;ssl=1 300w, https:\/\/i1.wp.com\/www.sidwaya.info\/wp-content\/uploads\/2019\/12\/Trait-de-plume-2.jpg?resize=696%2C465&#038;ssl=1 696w, https:\/\/i1.wp.com\/www.sidwaya.info\/wp-content\/uploads\/2019\/12\/Trait-de-plume-2.jpg?resize=629%2C420&#038;ssl=1 629w\" sizes=\"auto, (max-width: 696px) 100vw, 696px\" alt=\"\" title=\"Trait de plume\"\/><\/a><\/div>\n<p>Les r\u00e9sultats du deuxi\u00e8me tour de l\u2019\u00e9lection pr\u00e9sidentielle en Guin\u00e9e Bissau sont attendus, demain mercredi 1er janvier 2020. C\u2019est la porte-parole de la Commission \u00e9lectorale nationale (CEN), Felisberta Vaz Moura, qui en a fait l\u2019annonce. Quelque 700 000 \u00e9lecteurs Bissau-Guin\u00e9ens ont vot\u00e9, dimanche, \u00e0 la faveur du deuxi\u00e8me tour de l\u2019\u00e9lection pr\u00e9sidentielle. En lice, le candidat du parti historique, le Parti africain pour l\u2019ind\u00e9pendance de la Guin\u00e9e du Cap-Vert (PAIGC), en la personne de l\u2019ancien Premier ministre, Domingos Sim\u00f5es Pereira, 56 ans, ing\u00e9nieur en g\u00e9nie civil, promet d\u2019acc\u00e9l\u00e9rer le d\u00e9veloppement du pays. Face \u00e0 lui, il y a Umaro Sissoco Embalo, un g\u00e9n\u00e9ral de brigade de r\u00e9serve de 47 ans, repr\u00e9sentant le premier parti d\u2019opposition Madem-G15, qui appelle tous les Bissau-Guin\u00e9ens, y compris ceux de la diaspora, \u00e0 venir contribuer au d\u00e9veloppement de leur pays.<br \/>L\u2019enjeu de ce scrutin est surtout de mettre fin \u00e0 l\u2019instabilit\u00e9 chronique qui secoue ce pays depuis plusieurs ann\u00e9es. D\u00e9j\u00e0, le 28 octobre 2019, alors que la Guin\u00e9e-Bissau s\u2019acheminait vers cette \u00e9lection pr\u00e9sidentielle, le pays s\u2019est subitement enfonc\u00e9 dans une nouvelle crise politique n\u00e9e du limogeage du Premier ministre, Aristides Gomes, par le pr\u00e9sident Jos\u00e9 M\u00e1rio Vaz. Cette d\u00e9cision avait provoqu\u00e9 une v\u00e9ritable lev\u00e9e de bouclier au niveau r\u00e9gional et international, l\u2019ONU et la CEDEAO, ayant \u00ab oblig\u00e9 \u00bb le nouveau Premier ministre, Faustino Fudut Imbali, \u00e0 rendre le tablier sous peine de \u00ab sanctions s\u00e9v\u00e8res \u00bb.<\/p>\n<p>Comme souhait\u00e9 par la CNE, les candidats, les m\u00e9dias nationaux et internationaux (surtout) doivent s\u2019abstenir de v\u00e9hiculer des informations li\u00e9es aux r\u00e9sultats du scrutin, en attendant leur proclamation officielle. Ce temps d\u2019attente, quoi que plein d\u2019incertitudes, gagnerait \u00e0 entretenir le calme, la s\u00e9r\u00e9nit\u00e9 et la vigilance chez les populations. Et pour cause, cette consultation \u00e9lectorale repr\u00e9sente pour la communaut\u00e9 internationale et le peuple bissau-guin\u00e9en, la fin d\u2019une interminable crise qui a \u00e9clat\u00e9 au grand jour en ao\u00fbt 2015, quand le pr\u00e9sident a cong\u00e9di\u00e9 son Premier ministre, Domingos Sim\u00f5es Pereira, en poste depuis juin 2014. Aliment\u00e9es par leur rivalit\u00e9 pour prendre le contr\u00f4le du PAIGC lors des \u00e9lections l\u00e9gislatives et pr\u00e9sidentielle de 2014, les tensions entre eux se sont encore aggrav\u00e9es apr\u00e8s leur ascension au pouvoir en raison du r\u00e9gime semi-pr\u00e9sidentiel, qui fait du Premier ministre, le v\u00e9ritable homme fort du pays.<\/p>\n<div class=\"td-a-rec td-a-rec-id-content_inline tdi_30_7f5 td_block_template_1\"><a href=\"https:\/\/www.sidwaya.info\/wp-content\/uploads\/2019\/12\/Bandeau-11-De%CC%81cembre-3.jpg\"><img loading=\"lazy\" decoding=\"async\" src=\"https:\/\/www.sidwaya.info\/wp-content\/uploads\/2019\/12\/Bandeau-11-De%CC%81cembre-3.jpg\" alt=\"\" width=\"720\" height=\"90\" class=\"aligncenter size-full wp-image-17180\"\/><\/a><\/div>\n<p>Alors que le pr\u00e9sident reprochait \u00e0 son Premier ministre de ne pas le tenir suffisamment inform\u00e9 des affaires en cours et lan\u00e7ait contre lui des accusations de corruption, les partisans de Domingos Sim\u00f5es Pereira affirmaient de leur c\u00f4t\u00e9, que la popularit\u00e9 de ce dernier aurait fait de l\u2019ombre au pr\u00e9sident, qu\u2019ils accusaient \u00e9galement de trop s\u2019immiscer dans les affaires du gouvernement. S\u2019en est suivi, un imbroglio politique qui a longtemps paralys\u00e9 les institutions de la r\u00e9publique et le d\u00e9veloppement de la Guin\u00e9e-Bissau. Il y va de l\u2019int\u00e9r\u00eat de tous, au risque que la communaut\u00e9 internationale \u00ab l\u00e2che \u00bb le pays, parce qu\u2019\u00e0 bout de patience dans des guerres de personnes qui n\u2019en finissent pas. L\u2019Afrique vit suffisamment de crises et la Guin\u00e9e Bissau n\u2019a aucune raison d\u2019en rajouter.<\/p>\n<p class=\"c1\"><strong>Jean-Marie TOE<\/strong><\/p>\n<div class=\"td-a-rec td-a-rec-id-content_bottom tdi_31_ad4 td_block_template_1\"><img loading=\"lazy\" decoding=\"async\" class=\"aligncenter size-full wp-image-9623\" src=\"https:\/\/www.sidwaya.info\/wp-content\/uploads\/2019\/06\/Projet-bannie%CC%80re-Orange-mobile.jpg\" alt=\"\" width=\"728\" height=\"81\"\/><\/div>\n<p>Auteur: DD. Sidwaya<br \/>\n<a href=\"https:\/\/www.sidwaya.info\/blog\/2019\/12\/30\/guinee-bissau-le-bout-du-tunnel\/\">Cliquez ici pour lire l&rsquo;article depuis sa source.<\/a><\/p>\n","protected":false},"excerpt":{"rendered":"<p>Les r\u00e9sultats du deuxi\u00e8me tour de l\u2019\u00e9lection pr\u00e9sidentielle en Guin\u00e9e Bissau sont attendus, demain mercredi 1er janvier 2020. C\u2019est la porte-parole de la Commission \u00e9lectorale nationale (CEN), Felisberta Vaz Moura, qui en a fait l\u2019annonce. Quelque 700 000 \u00e9lecteurs Bissau-Guin\u00e9ens ont vot\u00e9, dimanche, \u00e0 la faveur du deuxi\u00e8me tour de l\u2019\u00e9lection pr\u00e9sidentielle. En lice, le [&hellip;]<\/p>\n","protected":false},"author":1816,"featured_media":0,"comment_status":"closed","ping_status":"closed","sticky":false,"template":"","format":"standard","meta":{"fifu_image_url":"","fifu_image_alt":"","footnotes":""},"categories":[73,81],"tags":[],"class_list":["post-71740","post","type-post","status-publish","format-standard","hentry","category-actualite","category-burkina-faso"],"_links":{"self":[{"href":"https:\/\/linitiative.ca\/International\/wp-json\/wp\/v2\/posts\/71740","targetHints":{"allow":["GET"]}}],"collection":[{"href":"https:\/\/linitiative.ca\/International\/wp-json\/wp\/v2\/posts"}],"about":[{"href":"https:\/\/linitiative.ca\/International\/wp-json\/wp\/v2\/types\/post"}],"author":[{"embeddable":true,"href":"https:\/\/linitiative.ca\/International\/wp-json\/wp\/v2\/users\/1816"}],"replies":[{"embeddable":true,"href":"https:\/\/linitiative.ca\/International\/wp-json\/wp\/v2\/comments?post=71740"}],"version-history":[{"count":0,"href":"https:\/\/linitiative.ca\/International\/wp-json\/wp\/v2\/posts\/71740\/revisions"}],"wp:attachment":[{"href":"https:\/\/linitiative.ca\/International\/wp-json\/wp\/v2\/media?parent=71740"}],"wp:term":[{"taxonomy":"category","embeddable":true,"href":"https:\/\/linitiative.ca\/International\/wp-json\/wp\/v2\/categories?post=71740"},{"taxonomy":"post_tag","embeddable":true,"href":"https:\/\/linitiative.ca\/International\/wp-json\/wp\/v2\/tags?post=71740"}],"curies":[{"name":"wp","href":"https:\/\/api.w.org\/{rel}","templated":true}]}}