{"id":71741,"date":"2019-12-30T15:56:33","date_gmt":"2019-12-30T20:56:33","guid":{"rendered":"https:\/\/linitiative.ca\/International\/lutte-contre-linsecurite-les-corps-constitues-aux-cotes-du-chef-de-letat-en-2020\/"},"modified":"2019-12-30T15:56:33","modified_gmt":"2019-12-30T20:56:33","slug":"lutte-contre-linsecurite-les-corps-constitues-aux-cotes-du-chef-de-letat-en-2020","status":"publish","type":"post","link":"https:\/\/linitiative.ca\/International\/lutte-contre-linsecurite-les-corps-constitues-aux-cotes-du-chef-de-letat-en-2020\/","title":{"rendered":"Lutte contre l\u2019ins\u00e9curit\u00e9 : les corps constitu\u00e9s aux c\u00f4t\u00e9s du chef de l\u2019Etat en 2020"},"content":{"rendered":"<div class=\"td-post-featured-image\"><a href=\"https:\/\/i1.wp.com\/www.sidwaya.info\/wp-content\/uploads\/2019\/12\/1-54.jpg?fit=595%2C587&#038;ssl=1\" data-caption=\"\"><img loading=\"lazy\" decoding=\"async\" width=\"595\" height=\"587\" class=\"entry-thumb td-modal-image\" src=\"https:\/\/i1.wp.com\/www.sidwaya.info\/wp-content\/uploads\/2019\/12\/1-54.jpg?resize=595%2C587&#038;ssl=1\" srcset=\"https:\/\/i1.wp.com\/www.sidwaya.info\/wp-content\/uploads\/2019\/12\/1-54.jpg?w=595&#038;ssl=1 595w, https:\/\/i1.wp.com\/www.sidwaya.info\/wp-content\/uploads\/2019\/12\/1-54.jpg?resize=300%2C296&#038;ssl=1 300w, https:\/\/i1.wp.com\/www.sidwaya.info\/wp-content\/uploads\/2019\/12\/1-54.jpg?resize=426%2C420&#038;ssl=1 426w\" sizes=\"auto, (max-width: 595px) 100vw, 595px\" alt=\"\" title=\"1\"\/><\/a><\/div>\n<p><strong>Le pr\u00e9sident du Faso, Roch Marc Christian Kabor\u00e9, a re\u00e7u, le lundi 30 d\u00e9cembre 2019 \u00e0 Ouagadougou, les v\u0153ux du nouvel an des corps constitu\u00e9s de l\u2019Etat.<\/strong><\/p>\n<p>Les corps constitu\u00e9s de l\u2019Etat ont encore sacrifi\u00e9 \u00e0 une tradition, \u00e0 quelques jours de la nouvelle ann\u00e9e. En effet, ils ont pr\u00e9sent\u00e9 leurs v\u0153ux au pr\u00e9sident du Faso, Roch Marc Christian Kabor\u00e9, le mardi 30 d\u00e9cembre 2019 au palais de Kosyam \u00e0 Ouagadougou. Par la voix de leur repr\u00e9sentant, le Secr\u00e9taire g\u00e9n\u00e9ral du gouvernement, Wenceslas Sanou, les corps constitu\u00e9s ont salu\u00e9 les efforts tous azimuts du chef de l\u2019Etat en faveur du bien-\u00eatre des populations et de la coh\u00e9sion sociale dans un contexte marqu\u00e9 par les attaques terroristes et ses corolaires. Il a ensuite traduit tout l\u2019engagement des corps constitu\u00e9s de l\u2019Etat \u00e0 l\u2019accompagner dans l\u2019atteinte de ses objectifs avant de lui souhaiter le meilleur pour 2020. \u00ab A l\u2019or\u00e9e de cette nouvelle ann\u00e9e, les corps constitu\u00e9s vous adressent, \u00e0 vous, \u00e0 votre famille, et tous ceux qui vous sont chers, leurs v\u0153ux de sant\u00e9, de paix, de joie et de prosp\u00e9rit\u00e9 \u00bb, a souhait\u00e9 M. Sanou. Le Secr\u00e9taire g\u00e9n\u00e9ral du gouvernement en a profit\u00e9 pour \u00e9grener un chapelet de dol\u00e9ances dont la r\u00e9solution, en l\u2019en croire, devrait permettre \u00e0 chacun de mener \u00e0 bien ses missions. A titre d\u2019exemples, la Cour de cassation souhaite voir la construction de son si\u00e8ge \u00e0 Ouaga 2000 et les anciens chefs d\u2019Etat sont pr\u00e9occup\u00e9s par la s\u00e9curisation de l\u2019ensemble du territoire national, la lutte contre l\u2019incivisme grandissant et le renforcement de l\u2019autorit\u00e9 de l\u2019Etat.<\/p>\n<div class=\"td-a-rec td-a-rec-id-content_inline tdi_30_edd td_block_template_1\"><a href=\"https:\/\/www.sidwaya.info\/wp-content\/uploads\/2019\/12\/Bandeau-11-De%CC%81cembre-3.jpg\"><img loading=\"lazy\" decoding=\"async\" src=\"https:\/\/www.sidwaya.info\/wp-content\/uploads\/2019\/12\/Bandeau-11-De%CC%81cembre-3.jpg\" alt=\"\" width=\"720\" height=\"90\" class=\"aligncenter size-full wp-image-17180\"\/><\/a><\/div>\n<p>A leur endroit, le pr\u00e9sident Kabor\u00e9 a fait savoir que l\u2019ann\u00e9e 2019 a \u00e9t\u00e9 fortement charg\u00e9e de symboles, de faits et d\u2019\u00e9v\u00e8nements sociaux. Entre autres, il a cit\u00e9 les attaques terroristes qui ont occasionn\u00e9 des pertes en vie humaines, des d\u00e9g\u00e2ts mat\u00e9riels, des fermetures d\u2019\u00e9coles, etc. Il a, de ce fait, saisi l\u2019occasion pour saluer l\u2019action des forces de d\u00e9fenses et de s\u00e9curit\u00e9 (FDS) tout en les encourageant dans le travail qu\u2019ils m\u00e8nent \u00ab avec discernement et efficacit\u00e9 \u00bb. \u00ab La pr\u00e9sente c\u00e9r\u00e9monie nous offre l\u2019opportunit\u00e9 de r\u00e9affirmer notre d\u00e9termination \u00e0 relever ensemble les d\u00e9fis de la paix, de la coh\u00e9sion sociale et de d\u00e9veloppement durable \u00bb, a relev\u00e9 le chef de l\u2019Etat. En ce qui concerne les pr\u00e9occupations soulev\u00e9es, il a dit leur accorder un int\u00e9r\u00eat particulier, pr\u00e9cisant que le gouvernement examinera les dol\u00e9ances avec \u00ab minutie \u00bb, dans l\u2019optique d\u2019y apporter des r\u00e9ponses appropri\u00e9es.<\/p>\n<p class=\"c1\"><strong>Souma\u00efla BONKOUNGOU<\/strong><\/p>\n<div class=\"td-a-rec td-a-rec-id-content_bottom tdi_31_71e td_block_template_1\"><img loading=\"lazy\" decoding=\"async\" class=\"aligncenter size-full wp-image-9623\" src=\"https:\/\/www.sidwaya.info\/wp-content\/uploads\/2019\/06\/Projet-bannie%CC%80re-Orange-mobile.jpg\" alt=\"\" width=\"728\" height=\"81\"\/><\/div>\n<p>Auteur: DD. Sidwaya<br \/>\n<a href=\"https:\/\/www.sidwaya.info\/blog\/2019\/12\/30\/lutte-contre-linsecurite-les-corps-constitues-aux-cotes-du-chef-de-letat-en-2020\/\">Cliquez ici pour lire l&rsquo;article depuis sa source.<\/a><\/p>\n","protected":false},"excerpt":{"rendered":"<p>Le pr\u00e9sident du Faso, Roch Marc Christian Kabor\u00e9, a re\u00e7u, le lundi 30 d\u00e9cembre 2019 \u00e0 Ouagadougou, les v\u0153ux du nouvel an des corps constitu\u00e9s de l\u2019Etat. Les corps constitu\u00e9s de l\u2019Etat ont encore sacrifi\u00e9 \u00e0 une tradition, \u00e0 quelques jours de la nouvelle ann\u00e9e. En effet, ils ont pr\u00e9sent\u00e9 leurs v\u0153ux au pr\u00e9sident du [&hellip;]<\/p>\n","protected":false},"author":1816,"featured_media":0,"comment_status":"closed","ping_status":"closed","sticky":false,"template":"","format":"standard","meta":{"fifu_image_url":"","fifu_image_alt":"","footnotes":""},"categories":[73,81],"tags":[],"class_list":["post-71741","post","type-post","status-publish","format-standard","hentry","category-actualite","category-burkina-faso"],"_links":{"self":[{"href":"https:\/\/linitiative.ca\/International\/wp-json\/wp\/v2\/posts\/71741","targetHints":{"allow":["GET"]}}],"collection":[{"href":"https:\/\/linitiative.ca\/International\/wp-json\/wp\/v2\/posts"}],"about":[{"href":"https:\/\/linitiative.ca\/International\/wp-json\/wp\/v2\/types\/post"}],"author":[{"embeddable":true,"href":"https:\/\/linitiative.ca\/International\/wp-json\/wp\/v2\/users\/1816"}],"replies":[{"embeddable":true,"href":"https:\/\/linitiative.ca\/International\/wp-json\/wp\/v2\/comments?post=71741"}],"version-history":[{"count":0,"href":"https:\/\/linitiative.ca\/International\/wp-json\/wp\/v2\/posts\/71741\/revisions"}],"wp:attachment":[{"href":"https:\/\/linitiative.ca\/International\/wp-json\/wp\/v2\/media?parent=71741"}],"wp:term":[{"taxonomy":"category","embeddable":true,"href":"https:\/\/linitiative.ca\/International\/wp-json\/wp\/v2\/categories?post=71741"},{"taxonomy":"post_tag","embeddable":true,"href":"https:\/\/linitiative.ca\/International\/wp-json\/wp\/v2\/tags?post=71741"}],"curies":[{"name":"wp","href":"https:\/\/api.w.org\/{rel}","templated":true}]}}