{"id":71744,"date":"2019-12-30T15:50:02","date_gmt":"2019-12-30T20:50:02","guid":{"rendered":"https:\/\/linitiative.ca\/International\/espagne-sanchez-toujours-suspendu-au-soutien-dun-parti-independantiste-catalan\/"},"modified":"2019-12-30T15:50:02","modified_gmt":"2019-12-30T20:50:02","slug":"espagne-sanchez-toujours-suspendu-au-soutien-dun-parti-independantiste-catalan","status":"publish","type":"post","link":"https:\/\/linitiative.ca\/International\/espagne-sanchez-toujours-suspendu-au-soutien-dun-parti-independantiste-catalan\/","title":{"rendered":"Espagne: Sanchez toujours suspendu au soutien d\u2019un parti ind\u00e9pendantiste catalan"},"content":{"rendered":"<div readability=\"32\">\n<p>Publi\u00e9 le 30.12.2019 \u00e0 21h50 par AFP<\/p>\n<\/div>\n<div readability=\"131\">\n<p>La reconduction \u00e0 la t\u00eate du gouvernement espagnol du socialiste Pedro Sanchez restait suspendue lundi au soutien indispensable du parti ind\u00e9pendantiste catalan ERC dont le chef incarc\u00e9r\u00e9 Oriol Junqueras a b\u00e9n\u00e9fici\u00e9 d\u2019une prise de position favorable de l\u2019avocat de l\u2019\u00c9tat.<\/p>\n<p>\u00ab\u00a0Nous savons que nous n\u2019avons pas de majorit\u00e9 parlementaire\u00a0\u00bb et \u00ab\u00a0nous demandons aux autres forces parlementaires qu\u2019elles se rallient \u00e0 l\u2019avanc\u00e9e et non au blocage\u00a0\u00bb, a d\u00e9clar\u00e9 M. Sanchez, vainqueur affaibli des \u00e9lections du 10 novembre, en pr\u00e9sentant son programme de gouvernement de coalition avec la gauche radicale de Podemos.<\/p>\n<p>Et ce, pour \u00ab\u00a0que cette capacit\u00e9 et cette volont\u00e9 d\u2019id\u00e9es et de projets puissent devenir r\u00e9alit\u00e9 le plus t\u00f4t possible\u00a0\u00bb, a-t-il ajout\u00e9 en r\u00e9f\u00e9rence \u00e0 un catalogue de mesures incluant notamment une hausse du salaire minimum, une augmentation de la fiscalit\u00e9 pour les plus riches ou l\u2019abrogation de certains aspects de la r\u00e9forme du march\u00e9 du travail des conservateurs.<\/p>\n<p>Avec 155 d\u00e9put\u00e9s au total, les socialistes et Podemos ont besoin de l\u2019appui d\u2019autres forces politiques pour que M. Sanchez, arriv\u00e9 au pouvoir en juin 2018, puisse \u00eatre investi \u00e0 la t\u00eate du premier gouvernement de coalition du pays depuis la fin de la dictature franquiste en 1975.<\/p>\n<p>Le socialiste a scell\u00e9 un accord lundi avec les nationalistes basques du PNV qui disposent de 6 si\u00e8ges dans une chambre des d\u00e9put\u00e9s qui en compte 350.<\/p>\n<p>Mais il a toujours besoin du soutien des ind\u00e9pendantistes catalans d\u2019ERC (Gauche R\u00e9publicaine de Catalogne) avec qui les socialistes n\u00e9gocient depuis des semaines.<\/p>\n<p>La porte-parole d\u2019ERC, Marta Vilalta, a indiqu\u00e9 lundi soir que son parti prendra position jeudi \u00e0 l\u2019issue d\u2019un conseil national.<\/p>\n<p>En \u00e9change de son appui, ERC r\u00e9clamait depuis plusieurs jours un geste de l\u2019avocat de l\u2019\u00c9tat dans son rapport concernant la question de l\u2019immunit\u00e9 parlementaire de son chef incarc\u00e9r\u00e9 Oriol Junqueras.<\/p>\n<p>Dans ce document tr\u00e8s attendu publi\u00e9 lundi, ce corps qui d\u00e9fend les int\u00e9r\u00eats de l\u2019Etat a demand\u00e9 \u00e0 la Cour supr\u00eame, plus haute instance judiciaire du pays, d\u2019autoriser M. Junqueras \u00e0 sortir temporairement de prison pour prendre ses fonctions d\u2019eurod\u00e9put\u00e9.<\/p>\n<p>Cette prise de position intervient apr\u00e8s une d\u00e9cision de la justice europ\u00e9enne qui a donn\u00e9 raison le 19 d\u00e9cembre \u00e0 M. Junqueras, \u00e9lu en mai, sur son immunit\u00e9 d\u2019\u00e9lu europ\u00e9en en estimant que tous les d\u00e9put\u00e9s europ\u00e9ens \u00e9taient prot\u00e9g\u00e9s par cette immunit\u00e9 d\u00e8s le jour de leur \u00e9lection.<\/p>\n<p>Mais il reste d\u00e9sormais \u00e0 savoir si elle sera suffisante pour amener ERC \u2013 qui r\u00e9clamait jusqu\u2019ici la \u00ab\u00a0lib\u00e9ration imm\u00e9diate\u00a0\u00bb de M. Junqueras \u2013 \u00e0 soutenir M. Sanchez. En fin de journ\u00e9e lundi, ce parti n\u2019avait pas encore communiqu\u00e9 sa position.<\/p>\n<p>\u2013 La droite vent debout \u2013<\/p>\n<p>\u00c9lu le 26 mai au Parlement europ\u00e9en, Oriol Junqueras \u00e9tait alors en d\u00e9tention provisoire dans l\u2019attente de son jugement pour la tentative de s\u00e9cession de la Catalogne en 2017. Il a depuis \u00e9t\u00e9 condamn\u00e9 mi-octobre \u00e0 13 ans de prison.<\/p>\n<p>La Cour supr\u00eame espagnole avait refus\u00e9 de le laisser sortir de prison pour qu\u2019il puisse prendre ses fonctions d\u2019eurod\u00e9put\u00e9, amenant la d\u00e9fense de M. Junqueras \u00e0 d\u00e9poser un recours.<\/p>\n<p>Dans son rapport, l\u2019avocat de l\u2019Etat demande \u00e0 la Cour supr\u00eame de l\u2019autoriser \u00e0 sortir de prison pour aller pr\u00eater serment comme eurod\u00e9put\u00e9 devant la commission \u00e9lectorale centrale \u00e0 Madrid avant de se rendre \u00e0 Bruxelles pour faire les d\u00e9marches requises. Il lui demande aussi de faire en sorte que M. Junqueras puisse exercer son mandat tout en continuant \u00e0 purger sa peine.<\/p>\n<p>Mais l\u2019avocat de l\u2019\u00c9tat appelle dans le m\u00eame temps la plus haute instance judiciaire d\u2019Espagne \u00e0 solliciter \u00ab\u00a0le plus rapidement possible\u00a0\u00bb aupr\u00e8s du Parlement europ\u00e9en la suspension de l\u2019immunit\u00e9 de M. Junqueras. La Cour Supr\u00eame doit rendre sa d\u00e9cision dans les jours \u00e0 venir sur le recours de M. Junqueras.<\/p>\n<p>La droite et l\u2019extr\u00eame droite ont vertement critiqu\u00e9 la prise de position de l\u2019avocat de l\u2019\u00c9tat et accus\u00e9 M. Sanchez d\u2019avoir fait pression sur ce corps ind\u00e9pendant.<\/p>\n<p>\u00ab\u00a0C\u2019est tr\u00e8s grave\u00a0\u00bb, a d\u00e9clar\u00e9 le chef du Parti Populaire, Pablo Casado. \u00ab\u00a0Pourquoi l\u2019avocat de l\u2019\u00c9tat a tranch\u00e9 en faveur des th\u00e8ses qu\u2019ERC avan\u00e7ait dans sa n\u00e9gociation avec le gouvernement de Sanchez?\u00a0\u00bb, s\u2019est-il interrog\u00e9.<\/p>\n<p>\u00ab\u00a0Sanchez utilise les vacances de No\u00ebl pour pi\u00e9tiner l\u2019\u00c9tat de droit. Pour obtenir l\u2019appui des s\u00e9paratistes, il a humili\u00e9 l\u2019avocat de l\u2019\u00c9tat\u00a0\u00bb, a lanc\u00e9 pour sa part le chef de Vox (extr\u00eame droite), Santiago Abascal.<\/p>\n<\/div>\n<p>Auteur: AFP<br \/>\n<a href=\"https:\/\/www.journalducameroun.com\/espagne-sanchez-toujours-suspendu-au-soutien-dun-parti-independantiste-catalan\/\">Cliquez ici pour lire l&rsquo;article depuis sa source.<\/a><\/p>\n","protected":false},"excerpt":{"rendered":"<p>Publi\u00e9 le 30.12.2019 \u00e0 21h50 par AFP La reconduction \u00e0 la t\u00eate du gouvernement espagnol du socialiste Pedro Sanchez restait suspendue lundi au soutien indispensable du parti ind\u00e9pendantiste catalan ERC dont le chef incarc\u00e9r\u00e9 Oriol Junqueras a b\u00e9n\u00e9fici\u00e9 d\u2019une prise de position favorable de l\u2019avocat de l\u2019\u00c9tat. \u00ab\u00a0Nous savons que nous n\u2019avons pas de majorit\u00e9 [&hellip;]<\/p>\n","protected":false},"author":1965,"featured_media":0,"comment_status":"closed","ping_status":"closed","sticky":false,"template":"","format":"standard","meta":{"fifu_image_url":"","fifu_image_alt":"","footnotes":""},"categories":[73,82],"tags":[],"class_list":["post-71744","post","type-post","status-publish","format-standard","hentry","category-actualite","category-cameroun"],"_links":{"self":[{"href":"https:\/\/linitiative.ca\/International\/wp-json\/wp\/v2\/posts\/71744","targetHints":{"allow":["GET"]}}],"collection":[{"href":"https:\/\/linitiative.ca\/International\/wp-json\/wp\/v2\/posts"}],"about":[{"href":"https:\/\/linitiative.ca\/International\/wp-json\/wp\/v2\/types\/post"}],"author":[{"embeddable":true,"href":"https:\/\/linitiative.ca\/International\/wp-json\/wp\/v2\/users\/1965"}],"replies":[{"embeddable":true,"href":"https:\/\/linitiative.ca\/International\/wp-json\/wp\/v2\/comments?post=71744"}],"version-history":[{"count":0,"href":"https:\/\/linitiative.ca\/International\/wp-json\/wp\/v2\/posts\/71744\/revisions"}],"wp:attachment":[{"href":"https:\/\/linitiative.ca\/International\/wp-json\/wp\/v2\/media?parent=71744"}],"wp:term":[{"taxonomy":"category","embeddable":true,"href":"https:\/\/linitiative.ca\/International\/wp-json\/wp\/v2\/categories?post=71744"},{"taxonomy":"post_tag","embeddable":true,"href":"https:\/\/linitiative.ca\/International\/wp-json\/wp\/v2\/tags?post=71744"}],"curies":[{"name":"wp","href":"https:\/\/api.w.org\/{rel}","templated":true}]}}