{"id":71747,"date":"2019-12-30T16:50:04","date_gmt":"2019-12-30T21:50:04","guid":{"rendered":"https:\/\/linitiative.ca\/International\/somalie-les-shebab-revendiquent-lattentat-de-samedi-a-mogadiscio-2\/"},"modified":"2019-12-30T16:50:04","modified_gmt":"2019-12-30T21:50:04","slug":"somalie-les-shebab-revendiquent-lattentat-de-samedi-a-mogadiscio-2","status":"publish","type":"post","link":"https:\/\/linitiative.ca\/International\/somalie-les-shebab-revendiquent-lattentat-de-samedi-a-mogadiscio-2\/","title":{"rendered":"Somalie: les shebab revendiquent l\u2019attentat de samedi \u00e0 Mogadiscio"},"content":{"rendered":"<div readability=\"32\">\n<p>Publi\u00e9 le 30.12.2019 \u00e0 22h50 par AFP<\/p>\n<\/div>\n<div readability=\"120\">\n<p>Les islamistes somaliens shebab ont revendiqu\u00e9 lundi l\u2019attentat \u00e0 la voiture pi\u00e9g\u00e9e samedi contre un poste de contr\u00f4le de Mogadiscio, qui a fait 81 morts dont deux ressortissants turcs.<\/p>\n<p>\u00ab\u00a0Samedi, les moujahidines ont men\u00e9 une attaque (\u2026) ciblant un convoi de mercenaires turcs et les miliciens apostats qui les escortaient\u00a0\u00bb, a d\u00e9clar\u00e9 leur porte-parole Ali Mohamud Rage, dans un message audio.<\/p>\n<p>Pour la premi\u00e8re fois, les shebab se sont excus\u00e9s aupr\u00e8s des victimes civiles de cet attentat, tout en le justifiant par la n\u00e9cessaire lutte contre l\u2019\u00c9tat somalien et ses soutiens \u00e9trangers.<\/p>\n<p>\u00ab\u00a0Nous sommes vraiment d\u00e9sol\u00e9s pour les pertes inflig\u00e9es \u00e0 notre soci\u00e9t\u00e9 musulmane somalienne et nous pr\u00e9sentons nos condol\u00e9ances aux musulmans qui ont perdu leur vie, ont \u00e9t\u00e9 bless\u00e9s ou ont vu leurs biens d\u00e9truits\u00a0\u00bb, a ajout\u00e9 le porte-parole.<\/p>\n<p>Il a accus\u00e9 la Turquie de chercher \u00e0 \u00ab\u00a0conqu\u00e9rir\u00a0\u00bb la Somalie et d\u2019avoir pris \u00ab\u00a0le contr\u00f4le de toutes (ses) ressources \u00e9conomiques\u00a0\u00bb. \u00ab\u00a0Les Turcs sont nos ennemis et, comme nous l\u2019avons d\u00e9j\u00e0 dit, nous ne cesserons pas de nous battre jusqu\u2019\u00e0 ce qu\u2019ils se retirent de notre pays\u00a0\u00bb, a-t-il pr\u00e9venu.<\/p>\n<p>La Turquie est l\u2019un des principaux donateurs et investisseurs en Somalie, un pays avec lequel elle entretient des relations historiques. Elle un r\u00f4le tr\u00e8s actif dans le pays, notamment dans le domaine humanitaire et de la reconstruction. Des entreprises turques g\u00e8rent \u00e9galement le port et l\u2019a\u00e9roport de Mogadiscio.<\/p>\n<p>En septembre 2017, la Turquie a inaugur\u00e9 le plus grand centre d\u2019entra\u00eenement militaire \u00e9tranger de Somalie. Cette pr\u00e9sence lui a plusieurs fois valu de voir ses int\u00e9r\u00eats et ressortissants cibl\u00e9s par les shebab.<\/p>\n<p>M. Rage a expliqu\u00e9 que le v\u00e9hicule pi\u00e9g\u00e9 avait \u00e9t\u00e9 bloqu\u00e9 par les services de s\u00e9curit\u00e9 au point de contr\u00f4le, au moment o\u00f9 il voulait viser ce convoi, et que c\u2019\u00e9tait donc la \u00ab\u00a0volont\u00e9 de Dieu\u00a0\u00bb si autant de civils avaient \u00e9t\u00e9 tu\u00e9s.<\/p>\n<p>Les shebab ne revendiquent g\u00e9n\u00e9ralement pas les attentats faisant trop de victimes parmi la population civile, de peur de perdre le soutien dont ils jouissent encore aupr\u00e8s de certains Somaliens.<\/p>\n<p>Parmi les morts figurent au moins 16 \u00e9tudiants de l\u2019universit\u00e9 priv\u00e9e de Banadir, dont le bus passait \u00e0 ce carrefour au moment de l\u2019explosion.<\/p>\n<p>Le bilan s\u2019est alourdit lundi \u00e0 81 morts, selon le minist\u00e8re somalien de l\u2019Information, deux victimes ayant succomb\u00e9 \u00e0 leurs blessures.<\/p>\n<p>Affili\u00e9s \u00e0 Al-Qa\u00efda, les shebab commettent r\u00e9guli\u00e8rement des attentats \u00e0 la voiture pi\u00e9g\u00e9e et des attaques d\u2019autres types \u00e0 Mogadiscio, dans le cadre d\u2019une insurrection lanc\u00e9e contre le gouvernement soutenu par la communaut\u00e9 internationale.<\/p>\n<p>Cet attentat est le plus meurtrier depuis celui commis en 2017 avec un camion pi\u00e9g\u00e9, qui avait tu\u00e9 plus de 500 personnes dans la capitale. Les shebab ne l\u2019avaient pas revendiqu\u00e9.<\/p>\n<p>Depuis 2015, la Somalie a \u00e9t\u00e9 frapp\u00e9e par 13 attentats ayant fait au moins 20 morts, dont 11 \u00e0 Mogadiscio, selon un d\u00e9compte de l\u2019AFP. Mais les attaques au bilan moins \u00e9lev\u00e9 sont quasi-hebdomadaires.<\/p>\n<p>Les shebab ont jur\u00e9 la perte du gouvernement somalien, soutenu par la communaut\u00e9 internationale et les 20.000 hommes de la force de l\u2019Union africaine en Somalie (Amisom).<\/p>\n<p>Chass\u00e9s de Mogadiscio en 2011, ils ont perdu l\u2019essentiel de leurs bastions mais contr\u00f4lent toujours de vastes zones rurales d\u2019o\u00f9 ils m\u00e8nent des op\u00e9rations de gu\u00e9rilla et des attentats-suicides. On estime qu\u2019ils comptent entre 5 et 9.000 combattants.<\/p>\n<p>Les \u00c9tats-Unis ont annonc\u00e9 avoir tu\u00e9 dimanche quatre \u00ab\u00a0terroristes\u00a0\u00bb lors de trois frappes men\u00e9es en Somalie contre les shebab.<\/p>\n<\/div>\n<p>Auteur: AFP<br \/>\n<a href=\"https:\/\/www.journalducameroun.com\/somalie-les-shebab-revendiquent-lattentat-de-samedi-a-mogadiscio-2\/\">Cliquez ici pour lire l&rsquo;article depuis sa source.<\/a><\/p>\n","protected":false},"excerpt":{"rendered":"<p>Publi\u00e9 le 30.12.2019 \u00e0 22h50 par AFP Les islamistes somaliens shebab ont revendiqu\u00e9 lundi l\u2019attentat \u00e0 la voiture pi\u00e9g\u00e9e samedi contre un poste de contr\u00f4le de Mogadiscio, qui a fait 81 morts dont deux ressortissants turcs. \u00ab\u00a0Samedi, les moujahidines ont men\u00e9 une attaque (\u2026) ciblant un convoi de mercenaires turcs et les miliciens apostats qui [&hellip;]<\/p>\n","protected":false},"author":1965,"featured_media":0,"comment_status":"closed","ping_status":"closed","sticky":false,"template":"","format":"standard","meta":{"fifu_image_url":"","fifu_image_alt":"","footnotes":""},"categories":[73,82],"tags":[],"class_list":["post-71747","post","type-post","status-publish","format-standard","hentry","category-actualite","category-cameroun"],"_links":{"self":[{"href":"https:\/\/linitiative.ca\/International\/wp-json\/wp\/v2\/posts\/71747","targetHints":{"allow":["GET"]}}],"collection":[{"href":"https:\/\/linitiative.ca\/International\/wp-json\/wp\/v2\/posts"}],"about":[{"href":"https:\/\/linitiative.ca\/International\/wp-json\/wp\/v2\/types\/post"}],"author":[{"embeddable":true,"href":"https:\/\/linitiative.ca\/International\/wp-json\/wp\/v2\/users\/1965"}],"replies":[{"embeddable":true,"href":"https:\/\/linitiative.ca\/International\/wp-json\/wp\/v2\/comments?post=71747"}],"version-history":[{"count":0,"href":"https:\/\/linitiative.ca\/International\/wp-json\/wp\/v2\/posts\/71747\/revisions"}],"wp:attachment":[{"href":"https:\/\/linitiative.ca\/International\/wp-json\/wp\/v2\/media?parent=71747"}],"wp:term":[{"taxonomy":"category","embeddable":true,"href":"https:\/\/linitiative.ca\/International\/wp-json\/wp\/v2\/categories?post=71747"},{"taxonomy":"post_tag","embeddable":true,"href":"https:\/\/linitiative.ca\/International\/wp-json\/wp\/v2\/tags?post=71747"}],"curies":[{"name":"wp","href":"https:\/\/api.w.org\/{rel}","templated":true}]}}