{"id":71748,"date":"2019-12-30T17:18:05","date_gmt":"2019-12-30T22:18:05","guid":{"rendered":"https:\/\/linitiative.ca\/International\/des-kits-alimentaires-distribues-a-3000-familles-demunies-dabidjan\/"},"modified":"2019-12-30T17:18:05","modified_gmt":"2019-12-30T22:18:05","slug":"des-kits-alimentaires-distribues-a-3000-familles-demunies-dabidjan","status":"publish","type":"post","link":"https:\/\/linitiative.ca\/International\/des-kits-alimentaires-distribues-a-3000-familles-demunies-dabidjan\/","title":{"rendered":"Des kits alimentaires distribu\u00e9s \u00e0  3000 familles d\u00e9munies d\u2019Abidjan"},"content":{"rendered":"<div readability=\"32\">\n<p>Publi\u00e9 le 30.12.2019 \u00e0 23h18 par APA News<\/p>\n<\/div>\n<div readability=\"49\">\n<p>Des kits alimentaires ont \u00e9t\u00e9 distribu\u00e9s, lundi, \u00e0 3000 familles d\u00e9munies de la commune de Port-Bou\u00ebt, dans le Sud d\u2019Abidjan \u00e0 la faveur des f\u00eates de fin d\u2019ann\u00e9e gr\u00e9gorienne.Selon une note d\u2019information transmise \u00e0 APA, cette action humanitaire du ministre ivoirien du Tourisme et des loisirs, Siandou Fofana, permettra aux \u00ab b\u00e9n\u00e9ficiaires de f\u00eater le nouvel an dans le bonheur \u00bb.<\/p>\n<p>Le don compos\u00e9 notamment de riz et d\u2019huile a \u00e9t\u00e9 remis aux familles concern\u00e9es par Marcel N\u2019Guettia et Ibrahim Konat\u00e9, tous deux \u00e9missaires de M. Fofana, par ailleurs Coordinateur g\u00e9n\u00e9ral du Rassemblement des houphou\u00ebtistes pour la d\u00e9mocratie et la paix (RHDP, au pouvoir) dans cette commune.<\/p>\n<\/div>\n<p>Auteur: APA News<br \/>\n<a href=\"https:\/\/www.journalducameroun.com\/des-kits-alimentaires-distribues-a-3000-familles-demunies-dabidjan\/\">Cliquez ici pour lire l&rsquo;article depuis sa source.<\/a><\/p>\n","protected":false},"excerpt":{"rendered":"<p>Publi\u00e9 le 30.12.2019 \u00e0 23h18 par APA News Des kits alimentaires ont \u00e9t\u00e9 distribu\u00e9s, lundi, \u00e0 3000 familles d\u00e9munies de la commune de Port-Bou\u00ebt, dans le Sud d\u2019Abidjan \u00e0 la faveur des f\u00eates de fin d\u2019ann\u00e9e gr\u00e9gorienne.Selon une note d\u2019information transmise \u00e0 APA, cette action humanitaire du ministre ivoirien du Tourisme et des loisirs, Siandou [&hellip;]<\/p>\n","protected":false},"author":1965,"featured_media":0,"comment_status":"closed","ping_status":"closed","sticky":false,"template":"","format":"standard","meta":{"fifu_image_url":"","fifu_image_alt":"","footnotes":""},"categories":[73,82],"tags":[],"class_list":["post-71748","post","type-post","status-publish","format-standard","hentry","category-actualite","category-cameroun"],"_links":{"self":[{"href":"https:\/\/linitiative.ca\/International\/wp-json\/wp\/v2\/posts\/71748","targetHints":{"allow":["GET"]}}],"collection":[{"href":"https:\/\/linitiative.ca\/International\/wp-json\/wp\/v2\/posts"}],"about":[{"href":"https:\/\/linitiative.ca\/International\/wp-json\/wp\/v2\/types\/post"}],"author":[{"embeddable":true,"href":"https:\/\/linitiative.ca\/International\/wp-json\/wp\/v2\/users\/1965"}],"replies":[{"embeddable":true,"href":"https:\/\/linitiative.ca\/International\/wp-json\/wp\/v2\/comments?post=71748"}],"version-history":[{"count":0,"href":"https:\/\/linitiative.ca\/International\/wp-json\/wp\/v2\/posts\/71748\/revisions"}],"wp:attachment":[{"href":"https:\/\/linitiative.ca\/International\/wp-json\/wp\/v2\/media?parent=71748"}],"wp:term":[{"taxonomy":"category","embeddable":true,"href":"https:\/\/linitiative.ca\/International\/wp-json\/wp\/v2\/categories?post=71748"},{"taxonomy":"post_tag","embeddable":true,"href":"https:\/\/linitiative.ca\/International\/wp-json\/wp\/v2\/tags?post=71748"}],"curies":[{"name":"wp","href":"https:\/\/api.w.org\/{rel}","templated":true}]}}