{"id":71755,"date":"2019-12-31T04:40:45","date_gmt":"2019-12-31T09:40:45","guid":{"rendered":"https:\/\/linitiative.ca\/International\/festival-international-cinema-et-migrations-dagadir\/"},"modified":"2019-12-31T04:40:45","modified_gmt":"2019-12-31T09:40:45","slug":"festival-international-cinema-et-migrations-dagadir","status":"publish","type":"post","link":"https:\/\/linitiative.ca\/International\/festival-international-cinema-et-migrations-dagadir\/","title":{"rendered":"Festival international Cin\u00e9ma et Migrations d\u2019Agadir"},"content":{"rendered":"<p class=\"has-text-color has-vivid-red-color c2\"><strong>Une gratification spectaculaire!<\/strong><\/p>\n<p class=\"has-text-color has-vivid-cyan-blue-color\"><strong>Comme attendu, le festival international de Cin\u00e9ma et Migrations d\u2019Agadir vient de se positionner dans le top ten du 7<\/strong><sup><strong>e<\/strong><\/sup><strong>art de l\u2019Afrique. Une belle cons\u00e9cration pour un projet artistique d\u00e9di\u00e9 \u00e0 la cause migratoire dans ses aspects humaniste et civilisationnel.<\/strong><\/p>\n<p>Depuis sa cr\u00e9ation, il y a seize ans, cet \u00e9v\u00e9nement th\u00e9matique de haute facture tant au plan de l\u2019invention que de l\u2019authenticit\u00e9, a pu se frayer une place au soleil au sein du continent de la n\u00e9gritude, comme se plaisait de baptiser L\u00e9opold S\u00e9dar Senghor, premier africain \u00e0 si\u00e9ger \u00e0 l\u2019acad\u00e9mie fran\u00e7aise.<\/p>\n<p>En fait, trois festivals marocains sur dix, dont celui de la capitale du Souss, furent distingu\u00e9s. Une prouesse africaine dans l\u2019univers du cin\u00e9ma, \u00e0 un moment o\u00f9 le continent africain p\u00e9tri de son originalit\u00e9, se fait un charisme saisissant. L\u2019\u00e9crivain s\u00e9n\u00e9galais, pr\u00e9c\u00e9demment cit\u00e9, disait un jour\u00a0: \u00abLa n\u00e9gritude est une culture, un fait. C\u2019est l\u2019ensemble des valeurs de tous les peuples l\u2019Afrique\u00a0!\u00bb. Si le festival de Marrakech qui pr\u00f4ne le brassage pluriel de la recherche du cin\u00e9ma universel, se tient le sixi\u00e8me rang en Afrique, il doit ce privil\u00e8ge \u00e0 l\u2019int\u00e9r\u00eat tout particulier dont il jouit de l\u2019officiel. Quant au festival de Khouribga, plut\u00f4t th\u00e9matique, consacr\u00e9 uniquement au cin\u00e9ma africain, depuis son existence en 1977, il occupe non sans panache, la 8<sup>\u00e8me<\/sup> place dans ce palmar\u00e8s.<\/p>\n<p>Le festival d\u2019Agadir ferme la marche de ces dix meilleurs rendez-vous annuels qui agr\u00e9mentent le champ de cin\u00e9ma dont la particularit\u00e9 porte sa pierre dans cette performance. En effet, en 2003, date du coup d\u2019envoi de cette nouvelle trouvaille de cin\u00e9ma, il opte pour le th\u00e8me de la migration dont un parterre prolifique ne cesse de mettre la main \u00e0 la p\u00e2te afin de mener le d\u00e9bat autour de ce ph\u00e9nom\u00e8ne de plus en plus en vogue. Le parcours du festival de la capitale du Souss, laborieux et sensationnel, s\u2019est \u00e2prement persist\u00e9 aux p\u00e9nuries logistiques et aux carences mat\u00e9riels. L\u2019absence cruelle de salle de projection, l\u2019indigence et la vuln\u00e9rabilit\u00e9 des moyens budg\u00e9taires, entre autres, se croisent pour mener la vie dure \u00e0 cette activit\u00e9.<\/p>\n<p>Les initiateurs de cette manifestation de taille ne se contentent pas de se pencher exclusivement sur l\u2019\u00e9laboration du menu et du contenu programmatiques, mais \u00e9galement sur l\u2019am\u00e9nagement de la salle en \u00e9tat piteux, qui s\u2019ouvre une fois par an en exception. On d\u00e9poussi\u00e8re, on peint, on pavoise pour que l\u2019espace soit, encore une fois, flambant neuf. C\u2019est l\u00e0 le m\u00e9rite de l\u2019association \u00abInitiative culturelle\u00bb qui s\u2019y met d\u2019arrache pied, \u00e0 chaque \u00e9dition pour p\u00e9renniser une tradition dans une m\u00e9tropole \u00e9conomique sans\u2026b\u00e2tisse de cin\u00e9ma. Hommage donc \u00e0 ce festival qui, en d\u00e9pit des contraintes, se hisse dans la cour des grandes messes artistiques de l\u2019Afrique\u00a0! Un signe fort aux d\u00e9cideurs et aux bailleurs de fonds de parrainer cette action qui fait honneur au pays et force la reconnaissance de l\u2019instance africaine.<\/p>\n<p>Un pr\u00e9cieux acquis \u00e0 institutionnaliser de plus belle, en le dotant de salle ad\u00e9quate et l\u2019entourant de tous les \u00e9gards car il s\u2019\u00e9rige d\u00e9sormais en une fiert\u00e9 collective.<\/p>\n<p class=\"c3\"><strong>Saoudi El Amalki<\/strong><\/p>\n<p>Auteur: M&rsquo;hammed rahal<br \/>\n<a href=\"http:\/\/albayane.press.ma\/festival-international-cinema-et-migrations-dagadir.html\">Cliquez ici pour lire l&rsquo;article depuis sa source.<\/a><\/p>\n","protected":false},"excerpt":{"rendered":"<p>Une gratification spectaculaire! Comme attendu, le festival international de Cin\u00e9ma et Migrations d\u2019Agadir vient de se positionner dans le top ten du 7eart de l\u2019Afrique. Une belle cons\u00e9cration pour un projet artistique d\u00e9di\u00e9 \u00e0 la cause migratoire dans ses aspects humaniste et civilisationnel. Depuis sa cr\u00e9ation, il y a seize ans, cet \u00e9v\u00e9nement th\u00e9matique de [&hellip;]<\/p>\n","protected":false},"author":1760,"featured_media":0,"comment_status":"closed","ping_status":"closed","sticky":false,"template":"","format":"standard","meta":{"fifu_image_url":"","fifu_image_alt":"","footnotes":""},"categories":[73,54],"tags":[],"class_list":["post-71755","post","type-post","status-publish","format-standard","hentry","category-actualite","category-maroc"],"_links":{"self":[{"href":"https:\/\/linitiative.ca\/International\/wp-json\/wp\/v2\/posts\/71755","targetHints":{"allow":["GET"]}}],"collection":[{"href":"https:\/\/linitiative.ca\/International\/wp-json\/wp\/v2\/posts"}],"about":[{"href":"https:\/\/linitiative.ca\/International\/wp-json\/wp\/v2\/types\/post"}],"author":[{"embeddable":true,"href":"https:\/\/linitiative.ca\/International\/wp-json\/wp\/v2\/users\/1760"}],"replies":[{"embeddable":true,"href":"https:\/\/linitiative.ca\/International\/wp-json\/wp\/v2\/comments?post=71755"}],"version-history":[{"count":0,"href":"https:\/\/linitiative.ca\/International\/wp-json\/wp\/v2\/posts\/71755\/revisions"}],"wp:attachment":[{"href":"https:\/\/linitiative.ca\/International\/wp-json\/wp\/v2\/media?parent=71755"}],"wp:term":[{"taxonomy":"category","embeddable":true,"href":"https:\/\/linitiative.ca\/International\/wp-json\/wp\/v2\/categories?post=71755"},{"taxonomy":"post_tag","embeddable":true,"href":"https:\/\/linitiative.ca\/International\/wp-json\/wp\/v2\/tags?post=71755"}],"curies":[{"name":"wp","href":"https:\/\/api.w.org\/{rel}","templated":true}]}}