{"id":71756,"date":"2019-12-31T04:50:14","date_gmt":"2019-12-31T09:50:14","guid":{"rendered":"https:\/\/linitiative.ca\/International\/la-sante-a-mal\/"},"modified":"2019-12-31T04:50:14","modified_gmt":"2019-12-31T09:50:14","slug":"la-sante-a-mal","status":"publish","type":"post","link":"https:\/\/linitiative.ca\/International\/la-sante-a-mal\/","title":{"rendered":"La sant\u00e9 a mal!"},"content":{"rendered":"<p class=\"has-text-color has-vivid-cyan-blue-color\"><strong>Nul doute que le secteur de la sant\u00e9 au Maroc repr\u00e9sente l\u2019un sinon le souci de forte acuit\u00e9. De m\u00eame, il constitue sans conteste l\u2019indicateur de d\u00e9croissance qui ronge le pays, depuis des d\u00e9cennies.<\/strong><\/p>\n<p>Les efforts entrepris \u00e0 nos jours, s\u2019av\u00e8rent en de\u00e7\u00e0 des attentes des populations. Sans remonter tr\u00e8s longtemps dans le temps, on se contentera d\u2019\u00e9voquer son \u00e9tat de l\u2019apr\u00e8s l\u2019an 2011, date de l\u2019adoption de la nouvelle constitution dont l\u2019\u00e9laboration semble marquer le pas. En effet, on aura constat\u00e9 du temps du Pr Houcine Louardi une nette am\u00e9lioration en termes de la mise en place de RAMED, en d\u00e9pit de ses dysfonctionnements,\u00a0 de la r\u00e9duction des tarifs de m\u00e9dicaments ou encore de la suppression du mythe de Bouya Omar.<\/p>\n<p>Ces r\u00e9formes audacieuses ont suscit\u00e9 la col\u00e8re des lobbys du domaine au point que l\u2019Autorit\u00e9 supr\u00eame eut s\u00e9curis\u00e9 le ministre d\u2019\u00e9ventuel fric-frac corporel et ont fini par g\u00eaner le Pouvoir lui-m\u00eame qui l\u2019\u00e9vin\u00e7a, de d\u00e9pit de ses prouesses. Son successeur, Anas Doukkali, relayait en se focalisant sur la ma\u00eetrise du volet de la m\u00e9dicamentation et de la dotation des h\u00f4pitaux en mat\u00e9riel et \u00e9quipements de soins.<\/p>\n<p>Plus de 140 milliards ont \u00e9t\u00e9 d\u00e9bloqu\u00e9s pour ce faire, tout en dictant une politique de rationalisation \u00e0 grande \u00e9chelle. Cette approche qui avance \u00e0 pas s\u00fbrs dans le secouement des vieux tics, a fini \u00e9galement \u00e0 agacer les barons qui l\u2019ont pouss\u00e9 vers la sortie, avant terme, sous pr\u00e9texte de la \u00abcomp\u00e9tentation\u00bb des postes cl\u00e9s de l\u2019Etat.<\/p>\n<p>Et vint un SAP qui h\u00e9rite de ces acquis, mais \u00e9volue au sein d\u2019un entourage \u00abint\u00e9rimaire\u00bb et dans un conduit dont la visibilit\u00e9 et la vision font toujours d\u00e9faut. Certes, on eut de l\u2019espoir au d\u00e9part, du fait que le secteur se frayait un chemin encadr\u00e9 de \u00abmission politique\u00a0engag\u00e9\u00bb. Mais, \u00e0 pr\u00e9sent, il est confi\u00e9 curieusement, \u00e0 un technocrate peu inspir\u00e9. Le constat est plut\u00f4t inqui\u00e9tant si l\u2019on sait que la sant\u00e9 aura mal davantage.<\/p>\n<p>L\u2019enfant canc\u00e9reux est de plus en plus probl\u00e9matique. Les diverses pathologies peinent encore plus face aux manques de soins, notamment les injectables. Comment peut-on op\u00e9rer un patient alors qu\u2019on sait qu\u2019il sera, tout de suite apr\u00e8s infect\u00e9? Ce n\u2019est ici qu\u2019un tout petit \u00e9chantillon des maux de la sant\u00e9 qui n\u00e9cessite, avant tout, du courage comme ses pr\u00e9d\u00e9cesseurs sus mentionn\u00e9s et surtout de la volont\u00e9 r\u00e9elle de la haute sph\u00e8re qui d\u00e9tient le pouvoir et l\u2019\u00e9conomie du pays.<\/p>\n<p>Auteur: M&rsquo;hammed rahal<br \/>\n<a href=\"http:\/\/albayane.press.ma\/la-sante-a-mal.html\">Cliquez ici pour lire l&rsquo;article depuis sa source.<\/a><\/p>\n","protected":false},"excerpt":{"rendered":"<p>Nul doute que le secteur de la sant\u00e9 au Maroc repr\u00e9sente l\u2019un sinon le souci de forte acuit\u00e9. De m\u00eame, il constitue sans conteste l\u2019indicateur de d\u00e9croissance qui ronge le pays, depuis des d\u00e9cennies. Les efforts entrepris \u00e0 nos jours, s\u2019av\u00e8rent en de\u00e7\u00e0 des attentes des populations. Sans remonter tr\u00e8s longtemps dans le temps, on [&hellip;]<\/p>\n","protected":false},"author":1760,"featured_media":0,"comment_status":"closed","ping_status":"closed","sticky":false,"template":"","format":"standard","meta":{"fifu_image_url":"","fifu_image_alt":"","footnotes":""},"categories":[73,54],"tags":[],"class_list":["post-71756","post","type-post","status-publish","format-standard","hentry","category-actualite","category-maroc"],"_links":{"self":[{"href":"https:\/\/linitiative.ca\/International\/wp-json\/wp\/v2\/posts\/71756","targetHints":{"allow":["GET"]}}],"collection":[{"href":"https:\/\/linitiative.ca\/International\/wp-json\/wp\/v2\/posts"}],"about":[{"href":"https:\/\/linitiative.ca\/International\/wp-json\/wp\/v2\/types\/post"}],"author":[{"embeddable":true,"href":"https:\/\/linitiative.ca\/International\/wp-json\/wp\/v2\/users\/1760"}],"replies":[{"embeddable":true,"href":"https:\/\/linitiative.ca\/International\/wp-json\/wp\/v2\/comments?post=71756"}],"version-history":[{"count":0,"href":"https:\/\/linitiative.ca\/International\/wp-json\/wp\/v2\/posts\/71756\/revisions"}],"wp:attachment":[{"href":"https:\/\/linitiative.ca\/International\/wp-json\/wp\/v2\/media?parent=71756"}],"wp:term":[{"taxonomy":"category","embeddable":true,"href":"https:\/\/linitiative.ca\/International\/wp-json\/wp\/v2\/categories?post=71756"},{"taxonomy":"post_tag","embeddable":true,"href":"https:\/\/linitiative.ca\/International\/wp-json\/wp\/v2\/tags?post=71756"}],"curies":[{"name":"wp","href":"https:\/\/api.w.org\/{rel}","templated":true}]}}