{"id":71766,"date":"2019-12-31T13:08:04","date_gmt":"2019-12-31T18:08:04","guid":{"rendered":"https:\/\/linitiative.ca\/International\/succes-populaire-grandissant-du-concert-stars-in-the-place\/"},"modified":"2019-12-31T13:08:04","modified_gmt":"2019-12-31T18:08:04","slug":"succes-populaire-grandissant-du-concert-stars-in-the-place","status":"publish","type":"post","link":"https:\/\/linitiative.ca\/International\/succes-populaire-grandissant-du-concert-stars-in-the-place\/","title":{"rendered":"Succ\u00e8s populaire grandissant du concert \u00ab Stars In The Place \u00bb"},"content":{"rendered":"<p><iframe loading=\"lazy\" width=\"1170\" height=\"658\" src=\"https:\/\/www.youtube.com\/embed\/y-PIMMM5MCA?feature=oembed\" frameborder=\"0\" allow=\"accelerometer; autoplay; encrypted-media; gyroscope; picture-in-picture\" allowfullscreen=\"\">[embedded content]<\/iframe><\/p>\n<div class=\"single-post-excerpt post-excerpt-bc\" readability=\"40\">\n<p>L\u2019artiste congolais Ma\u00eetre Gims et ses amis se sont f\u00e9licit\u00e9s, \u00e0 Marrakech, du succ\u00e8s populaire grandissant du concert \u00ab Stars In The Place \u00bb, qui souffle cette ann\u00e9e sa troisi\u00e8me bougie, estimant que cet \u00e9v\u00e9nement culturel annuel qui a mis le Maroc au devant de la sc\u00e8ne, n\u2019a rien \u00e0 envier aux grandes manifestations artistiques internationales.<\/p>\n<\/div>\n<p>Auteur: Meriem IGASS<br \/>\n<a href=\"http:\/\/www.mapmarrakech.ma\/fr\/succes\/\">Cliquez ici pour lire l&rsquo;article depuis sa source.<\/a><\/p>\n","protected":false},"excerpt":{"rendered":"<p>[embedded content] L\u2019artiste congolais Ma\u00eetre Gims et ses amis se sont f\u00e9licit\u00e9s, \u00e0 Marrakech, du succ\u00e8s populaire grandissant du concert \u00ab Stars In The Place \u00bb, qui souffle cette ann\u00e9e sa troisi\u00e8me bougie, estimant que cet \u00e9v\u00e9nement culturel annuel qui a mis le Maroc au devant de la sc\u00e8ne, n\u2019a rien \u00e0 envier aux grandes [&hellip;]<\/p>\n","protected":false},"author":1788,"featured_media":0,"comment_status":"closed","ping_status":"closed","sticky":false,"template":"","format":"standard","meta":{"fifu_image_url":"","fifu_image_alt":"","footnotes":""},"categories":[54,76],"tags":[],"class_list":["post-71766","post","type-post","status-publish","format-standard","hentry","category-maroc","category-regions"],"_links":{"self":[{"href":"https:\/\/linitiative.ca\/International\/wp-json\/wp\/v2\/posts\/71766","targetHints":{"allow":["GET"]}}],"collection":[{"href":"https:\/\/linitiative.ca\/International\/wp-json\/wp\/v2\/posts"}],"about":[{"href":"https:\/\/linitiative.ca\/International\/wp-json\/wp\/v2\/types\/post"}],"author":[{"embeddable":true,"href":"https:\/\/linitiative.ca\/International\/wp-json\/wp\/v2\/users\/1788"}],"replies":[{"embeddable":true,"href":"https:\/\/linitiative.ca\/International\/wp-json\/wp\/v2\/comments?post=71766"}],"version-history":[{"count":0,"href":"https:\/\/linitiative.ca\/International\/wp-json\/wp\/v2\/posts\/71766\/revisions"}],"wp:attachment":[{"href":"https:\/\/linitiative.ca\/International\/wp-json\/wp\/v2\/media?parent=71766"}],"wp:term":[{"taxonomy":"category","embeddable":true,"href":"https:\/\/linitiative.ca\/International\/wp-json\/wp\/v2\/categories?post=71766"},{"taxonomy":"post_tag","embeddable":true,"href":"https:\/\/linitiative.ca\/International\/wp-json\/wp\/v2\/tags?post=71766"}],"curies":[{"name":"wp","href":"https:\/\/api.w.org\/{rel}","templated":true}]}}