{"id":71776,"date":"2019-12-31T05:00:00","date_gmt":"2019-12-31T10:00:00","guid":{"rendered":"https:\/\/linitiative.ca\/International\/la-cote-divoire-veut-elle-reveiller-ses-vieux-demons\/"},"modified":"2019-12-31T05:00:00","modified_gmt":"2019-12-31T10:00:00","slug":"la-cote-divoire-veut-elle-reveiller-ses-vieux-demons","status":"publish","type":"post","link":"https:\/\/linitiative.ca\/International\/la-cote-divoire-veut-elle-reveiller-ses-vieux-demons\/","title":{"rendered":"La C\u00f4te d\u2019Ivoire veut-elle r\u00e9veiller ses vieux d\u00e9mons?"},"content":{"rendered":"<div readability=\"34\">\n<p>Le moteur de la zone UEMOA en proie \u00e0 de vives tensions politiques<\/p>\n<p>Le pays est la premi\u00e8re destination des investissements directs marocains en Afrique<\/p>\n<\/div>\n<div readability=\"79\">\n<div class=\"dnd-atom-wrapper type-image context-sdl_editor_representation atom-align-right\" contenteditable=\"false\" readability=\"34\">\n<div class=\"dnd-drop-wrapper image\"><img loading=\"lazy\" decoding=\"async\" typeof=\"foaf:Image\" class=\"img-responsive\" src=\"https:\/\/www.leconomiste.com\/sites\/default\/files\/eco7\/public\/thumbnails\/image\/cote-divoire-wattara-065.jpg\" width=\"425\" height=\"278\" alt=\"cote-divoire-wattara-065.jpg\" title=\"cote-divoire-wattara-065.jpg\"\/><\/div>\n<div class=\"dnd-legend-wrapper\" contenteditable=\"true\" readability=\"13\">\n<p class=\"rtejustify\">Alli\u00e9s jusqu\u2019\u00e0 peu, le pr\u00e9sident Alassane Ouattara et Guillaume Soro, ancien pr\u00e9sident de l\u2019Assembl\u00e9e nationale, ne sont plus sur la m\u00eame longueur d\u2019onde. Ce dernier est sous le coup d\u2019un mandat d\u2019arr\u00eat international pour \u00abtentative d\u2019atteinte \u00e0 l\u2019autorit\u00e9 de l\u2019Etat\u00bb. Des accusations qu\u2019il d\u00e9ment <em>(Ph. AFP)<\/em><\/p>\n<\/div>\n<\/div>\n<p class=\"rtejustify\">Les Ivoiriens sont appel\u00e9s en octobre 2020 \u00e0 \u00e9lire un nouveau pr\u00e9sident. Ces \u00e9lections s\u2019annoncent d\u2019ores et d\u00e9j\u00e0 tendues. L\u2019actuel pr\u00e9sident Alassane Ouattara et Guillaume Soro, ancien Premier ministre et ex-pr\u00e9sident de l\u2019Assembl\u00e9e nationale, qui l\u2019a aid\u00e9 \u00e0 acc\u00e9der au pouvoir pendant la crise post\u00e9lectorale de 2010-2011 ne s\u2019entendent plus.<\/p>\n<p class=\"rtejustify\">La rupture entre les deux est totale. Candidat d\u00e9clar\u00e9 \u00e0 la pr\u00e9sidentielle de 2020, Guillaume Soro est sous le coup d\u2019un mandat d\u2019arr\u00eat international pour \u00abtentative d\u2019atteinte \u00e0 l\u2019autorit\u00e9 de l\u2019Etat\u00bb. Des accusations que d\u00e9mentent Guillaume Soro, s\u2019estimant victime d\u2019une manipulation. Son retour en C\u00f4te d\u2019Ivoire, apr\u00e8s six mois \u00e0 l\u2019\u00e9tranger, a \u00e9t\u00e9 avort\u00e9, son avion ayant fait demi-tour vers l\u2019Europe.<\/p>\n<p class=\"rtejustify\">Ce samedi 28 d\u00e9cembre, le pr\u00e9sident Alassane Ouattara a mis en garde contre toute tentative de d\u00e9stabilisation de la C\u00f4te d\u2019Ivoire: \u00abNul ne sera autoris\u00e9 \u00e0 d\u00e9stabiliser la C\u00f4te d\u2019Ivoire\u00bb, a-t-il d\u00e9clar\u00e9 lors d\u2019un point-presse \u00e0 l\u2019issue d\u2019une rencontre \u00e0 Abidjan avec le pr\u00e9sident de Guin\u00e9e \u00e9quatoriale, Teodoro Obiang Nguema.<\/p>\n<p class=\"rtejustify\">\u00abLe droit sera appliqu\u00e9 \u00e0 tous, candidat ou pas. Nul n\u2019est au-dessus de la loi, aussi bien les anciens pr\u00e9sidents de la R\u00e9publique, les pr\u00e9sidents d\u2019institution, le pr\u00e9sident de la R\u00e9publique et tous les autres\u00bb, a poursuivi Alassane Ouattara.<\/p>\n<p class=\"rtejustify\">Depuis Paris, Guillaume Soro promet d\u2019organiser la \u00abr\u00e9sistance politique\u00bb. L\u2019ex-pr\u00e9sident de l\u2019Assembl\u00e9e nationale a pr\u00e9vu d\u2019adresser un \u00abmessage \u00e0 la Nation en direct sur tous ses m\u00e9dias sociaux le 31 d\u00e9cembre\u00bb, en m\u00eame temps que la traditionnelle allocution de nouvelle ann\u00e9e du chef de l\u2019Etat ivoirien.<\/p>\n<p class=\"rtejustify\">Ces nouvelles tensions font remonter \u00e0 la surface de mauvais souvenirs. Si elles perdurent, elles sont susceptibles de ralentir la premi\u00e8re \u00e9conomie de la zone UEMOA et affecter les performances des pays voisins. Par ailleurs, la C\u00f4te d\u2019Ivoire est un pays strat\u00e9gique pour les entreprises marocaines. C\u2019est la premi\u00e8re destination des investissements directs marocains en Afrique subsaharienne. Le pays a attir\u00e9 7,4 milliards de DH d\u2019investissements entre 2003 et 2017.<\/p>\n<p class=\"rtejustify\"><em>J. R.<\/em><\/p>\n<p class=\"rtejustify\">\u00a0<\/p>\n<\/div>\n<p>Auteur: hlafriqi<br \/>\n<a href=\"https:\/\/www.leconomiste.com\/article\/1055223-la-cote-d-ivoire-veut-elle-reveiller-ses-vieux-demons\">Cliquez ici pour lire l&rsquo;article depuis sa source.<\/a><\/p>\n","protected":false},"excerpt":{"rendered":"<p>Le moteur de la zone UEMOA en proie \u00e0 de vives tensions politiques Le pays est la premi\u00e8re destination des investissements directs marocains en Afrique Alli\u00e9s jusqu\u2019\u00e0 peu, le pr\u00e9sident Alassane Ouattara et Guillaume Soro, ancien pr\u00e9sident de l\u2019Assembl\u00e9e nationale, ne sont plus sur la m\u00eame longueur d\u2019onde. Ce dernier est sous le coup d\u2019un [&hellip;]<\/p>\n","protected":false},"author":1763,"featured_media":71777,"comment_status":"closed","ping_status":"closed","sticky":false,"template":"","format":"standard","meta":{"fifu_image_url":"","fifu_image_alt":"","footnotes":""},"categories":[78,54],"tags":[],"class_list":["post-71776","post","type-post","status-publish","format-standard","has-post-thumbnail","hentry","category-economie","category-maroc"],"_links":{"self":[{"href":"https:\/\/linitiative.ca\/International\/wp-json\/wp\/v2\/posts\/71776","targetHints":{"allow":["GET"]}}],"collection":[{"href":"https:\/\/linitiative.ca\/International\/wp-json\/wp\/v2\/posts"}],"about":[{"href":"https:\/\/linitiative.ca\/International\/wp-json\/wp\/v2\/types\/post"}],"author":[{"embeddable":true,"href":"https:\/\/linitiative.ca\/International\/wp-json\/wp\/v2\/users\/1763"}],"replies":[{"embeddable":true,"href":"https:\/\/linitiative.ca\/International\/wp-json\/wp\/v2\/comments?post=71776"}],"version-history":[{"count":0,"href":"https:\/\/linitiative.ca\/International\/wp-json\/wp\/v2\/posts\/71776\/revisions"}],"wp:featuredmedia":[{"embeddable":true,"href":"https:\/\/linitiative.ca\/International\/wp-json\/"}],"wp:attachment":[{"href":"https:\/\/linitiative.ca\/International\/wp-json\/wp\/v2\/media?parent=71776"}],"wp:term":[{"taxonomy":"category","embeddable":true,"href":"https:\/\/linitiative.ca\/International\/wp-json\/wp\/v2\/categories?post=71776"},{"taxonomy":"post_tag","embeddable":true,"href":"https:\/\/linitiative.ca\/International\/wp-json\/wp\/v2\/tags?post=71776"}],"curies":[{"name":"wp","href":"https:\/\/api.w.org\/{rel}","templated":true}]}}