{"id":71792,"date":"2019-12-31T04:10:40","date_gmt":"2019-12-31T09:10:40","guid":{"rendered":"https:\/\/linitiative.ca\/International\/2019-une-annee-exceptionnellement-algerienne\/"},"modified":"2019-12-31T04:10:40","modified_gmt":"2019-12-31T09:10:40","slug":"2019-une-annee-exceptionnellement-algerienne","status":"publish","type":"post","link":"https:\/\/linitiative.ca\/International\/2019-une-annee-exceptionnellement-algerienne\/","title":{"rendered":"2019, une ann\u00e9e exceptionnellement alg\u00e9rienne"},"content":{"rendered":"<h4 class=\"title-14\">Plusieurs \u00e9v\u00e9nements ont marqu\u00e9 le pays<\/h4>\n<div class=\"featured_image\"><img loading=\"lazy\" decoding=\"async\" width=\"1000\" height=\"696\" src=\"https:\/\/www.elwatan.com\/wp-content\/uploads\/2019\/12\/marche-col-h-lyes.gif\" class=\"attachment-post-thumbnail size-post-thumbnail wp-post-image\" alt=\"\"\/><\/div>\n<p class=\"p4\"><span class=\"s1\"><strong>Les Alg\u00e9riens sortent brusquement du profond coma politique, d\u00e9cident de prendre leur destin en main et dressent un infranchissable barrage contre la folie de la galaxie bouteflikienne. La fatalit\u00e9 paralysante est enfin vaincue en ce vendredi 22 F\u00e9vrier. Une journ\u00e9e \u00e0 inscrire d\u00e9sormais dans le calendrier des f\u00eates victorieuses.<\/strong><\/span><\/p>\n<p class=\"p4\"><span class=\"s1\"><strong>C<\/strong><\/span><span class=\"s1\">\u2019est un retour inesp\u00e9r\u00e9 dans le cours de l\u2019histoire. Apr\u00e8s une longue p\u00e9riode d\u2019effacement, l\u2019Alg\u00e9rie revient miraculeusement dans le concert des nations vivantes, retrouve toute sa vitalit\u00e9 et se remet en marche. Alors qu\u2019elle se dirigeait dangereusement vers la confirmation du r\u00e9gime de Bouteflika au pouvoir qui allait briser ses derniers ressorts, l\u2019Alg\u00e9rie a \u00e9t\u00e9 saisie d\u2019un vent de libert\u00e9 qui va l\u2019arracher \u00e0 un destin funeste.<\/span><\/p>\n<p class=\"p4\"><span class=\"s1\">Au moment o\u00f9 toutes les \u00e9quipes composant le syst\u00e8me politique s\u2019affairaient \u00e0 imposer au peuple et au pays un 5<sup>e<\/sup>\u00a0mandat, leurs s\u00e9ides rameut\u00e9s pour la cause, un ouragan populaire jaillit des montagnes \u00e9cras\u00e9es par des ann\u00e9es d\u2019humiliation. Sans sommation, les Alg\u00e9riens sortent brusquement du profond coma politique, d\u00e9cident de prendre leur destin en main et dressent un infranchissable barrage contre la folie de la galaxie bouteflikienne.<\/span><\/p>\n<p class=\"p4\"><span class=\"s1\">La fatalit\u00e9 paralysante est enfin vaincue en ce vendredi 22 F\u00e9vrier. Une journ\u00e9e \u00e0 inscrire d\u00e9sormais dans le calendrier des f\u00eates victorieuses. Elle marque la fin d\u2019un interminable cauchemar et inaugure une s\u00e9quence historique exaltante. Par millions, les Alg\u00e9riens de toutes les cat\u00e9gories sociales et des quatre coins du pays se mettent \u00e0 croire en leur capacit\u00e9 \u00e0 changer le cours de l\u2019histoire.<\/span><\/p>\n<p class=\"p4\"><span class=\"s1\">Une lib\u00e9ration psychologique qui d\u00e9livre tout un peuple qui semblait se d\u00e9couvrir en ce vendredi historique. Dans toutes les villes du pays surgissent des cris de libert\u00e9 et de d\u00e9mocratie. Le pouvoir, les appareils de l\u2019Etat civils et militaires, leurs relais dans la soci\u00e9t\u00e9 sont pris de court. Panique g\u00e9n\u00e9rale. Par effet de surprise, le peuple du vendredi a d\u00e9moli les certitudes aveuglantes des d\u00e9cideurs.<\/span><\/p>\n<p class=\"p4\"><span class=\"s1\">Pour la premi\u00e8re fois dans l\u2019histoire nationale, les Alg\u00e9riens prennent l\u2019initiative, agissent et mettent en demeure ceux qui depuis des d\u00e9cennies ont accapar\u00e9 le pays. Le pouvoir dans ses diff\u00e9rentes strates perd le contr\u00f4le des \u00e9v\u00e9nements et la situation lui \u00e9chappe. Le succ\u00e8s du vendredi 22 F\u00e9vrier entra\u00eene tout le pays dans une insurrection citoyenne g\u00e9n\u00e9rale. Les vendredis se suivent et les mobilisations populaires se musclent.<\/span><\/p>\n<p class=\"p4\"><span class=\"s1\">Par leur caract\u00e8re pacifique, joyeux et enchantant, les marches hebdomadaires deviennent un rendez-vous de luttes, des moments d\u2019\u00e9mancipation et surtout une occasion renouvel\u00e9e pour reb\u00e2tir la communion nationale. Face \u00e0 la mont\u00e9e en puissance des vagues citoyennes qui prennent les formes d\u2019une r\u00e9volution, le pouvoir tente de r\u00e9sister.<\/span><\/p>\n<p class=\"p4\"><span class=\"s1\">C\u2019est trop tard. Les Alg\u00e9riens ne veulent plus rien entendre en dehors de leur voix et rendent inop\u00e9rantes les multiples man\u0153uvres des partisans du 5<sup>e<\/sup> mandat pr\u00e9sidentiel. Les menaces r\u00e9p\u00e9t\u00e9es du chef d\u2019\u00e9tat-major de l\u2019arm\u00e9e, Ahmed Ga\u00efd Salah \u2013 d\u00e9fenseur acharn\u00e9 de la reconduction de Abdelaziz Bouteflika\u00a0\u2013 n\u2019avaient aucun effet dissuasif sur les mobilisations. Bien au contraire, elles produisent l\u2019effet inverse.<\/span><\/p>\n<p class=\"p4\"><span class=\"s1\">Le rapport de force n\u2019est plus du c\u00f4t\u00e9 des hommes du syst\u00e8me. Mais en faveur des hommes et des femmes qui remplissent les rues d\u2019Alg\u00e9rie, qui ensemble s\u2019emparent du fait politique et agissent en tant qu\u2019acteur central. Au bout d\u2019un troisi\u00e8me vendredi, Abdelaziz Bouteflika renonce au p\u00e9rilleux 5<sup>e<\/sup> mandat. La mobilisation du vendredi 8 mars, qui conc\u00e9dait avec la Journ\u00e9e internationale des droits des femmes, lui a \u00e9t\u00e9 fatale.<\/span><\/p>\n<p class=\"p4\"><span class=\"s1\">Une journ\u00e9e historique qui contraint les hommes du s\u00e9rail \u00e0 jeter l\u2019\u00e9ponge. Premi\u00e8re victoire politique engrang\u00e9e par les Alg\u00e9riens qui marchent vers la libert\u00e9. Cependant, le renoncement act\u00e9 le 10 mars \u00e9tait vite per\u00e7u comme un repli tactique. Un coup de Jarnac. Ultime man\u0153uvre des Bouteflika. Vigilants et \u00e9veill\u00e9s, les Alg\u00e9riens ne se sont pas laiss\u00e9 berner. Le soir-m\u00eame de l\u2019annonce de l\u2019abandon du 5<sup>e<\/sup> mandat, des milliers de citoyens d\u00e9jouent la man\u0153uvre.<\/span><\/p>\n<p class=\"p4\"><span class=\"s1\">Le <em>\u00abYetnahaw ga\u00e2 !\u00bb<\/em> lanc\u00e9 par un jeune manifestant au micro d\u2019une t\u00e9l\u00e9vision r\u00e9sume \u00e0 lui seul le rejet massif d\u2019un pouvoir rompu aux m\u00e9thodes diaboliques. Cette formule magique est devenue le slogan qui rythme les marches populaires et cr\u00e9e des fissurations dans le r\u00e9gime. Le chef d\u2019\u00e9tat-major Ahmed Ga\u00efd Salah, pilier central de la maison Bouteflika, sentant le vent tourner, quitte le navire et le fait couler.<\/span><\/p>\n<p class=\"p4\"><span class=\"s1\">C\u2019\u00e9tait une sc\u00e8ne de la trag\u00e9die grecque, le moment o\u00f9 Ga\u00efd Salah \u00e0 partir du minist\u00e8re de la D\u00e9fense nationale, entour\u00e9 de tous les chefs de forces arm\u00e9es, sommant Bouteflika de remettre sa d\u00e9mission. L\u2019histoire s\u2019acc\u00e9l\u00e8re et les Alg\u00e9riens avancent \u00e0 un rythme politique soutenu. Ils font annuler l\u2019\u00e9lection pr\u00e9sidentielle du 18 avril, puis celle du 4 juillet.<\/span><\/p>\n<p class=\"p4\"><span class=\"s1\">In\u00e9dit dans les annales politiques.\u00a0<\/span><span class=\"s1\">Les hommes du premier cercle tombent, et font la cha\u00eene devant les juges. Une partie est envoy\u00e9e au cachot. Les deux puissants patrons des Services de renseignement, Tartag et Toufik, arr\u00eat\u00e9s, jug\u00e9s et condamn\u00e9s. Le fr\u00e8re du Pr\u00e9sident d\u00e9chu est aussi emprisonn\u00e9. Les trois sont accus\u00e9s de comploter contre l\u2019arm\u00e9e.<\/span><\/p>\n<p class=\"p4\"><span class=\"s1\">D\u2019anciens chefs de gouvernement, d\u2019ex-ministres, des hommes d\u2019affaires, d\u2019anciens g\u00e9n\u00e9raux sont \u00e9galement emprisonn\u00e9s pour des faits de corruption. Les \u00e9v\u00e9nements se bousculent pendant que les mobilisations populaires font l\u2019actualit\u00e9 internationale. Et dans cette folle ann\u00e9e 2019, le pays tangue. La r\u00e9volution fait face \u00e0 une redoutable contre-r\u00e9volution.<\/span><\/p>\n<p class=\"p4\"><span class=\"s1\">Aux grandes avanc\u00e9es citoyennes, le pouvoir oppose une forte r\u00e9sistance et tente de recoller les morceaux de sa maison et entache la joyeuse insurrection. Il jette en prison des jeunes, des figures du mouvement, des militants politiques et associatifs en les accusant d\u2019atteinte \u00e0 l\u2019unit\u00e9 nationale\u2026 absurdes accusations contre de braves Alg\u00e9riens dont le seul tort \u00e9tait de d\u00e9fendre l\u2019honneur du pays.<\/span><\/p>\n<p class=\"p4\"><span class=\"s1\">Comme s\u2019il fallait g\u00e2cher cette f\u00eate nationale qui dure depuis dix mois. Mais au-del\u00e0 des triomphes et des \u00e9checs qui ont accompagn\u00e9 la r\u00e9volution en cours, 2019 aura \u00e9t\u00e9 une ann\u00e9e exceptionnellement alg\u00e9rienne.<\/span><\/p>\n<p><span class=\"post-views-label\">Post Views:<\/span> <span class=\"post-views-count\">774<\/span><\/p>\n<p><br class=\"c2\"\/><\/p>\n<p>Auteur: Anis Khecheba<br \/>\n<a href=\"https:\/\/www.elwatan.com\/edition\/actualite\/2019-une-annee-exceptionnellement-algerienne-31-12-2019\">Cliquez ici pour lire l&rsquo;article depuis sa source.<\/a><\/p>\n","protected":false},"excerpt":{"rendered":"<p>Plusieurs \u00e9v\u00e9nements ont marqu\u00e9 le pays Les Alg\u00e9riens sortent brusquement du profond coma politique, d\u00e9cident de prendre leur destin en main et dressent un infranchissable barrage contre la folie de la galaxie bouteflikienne. La fatalit\u00e9 paralysante est enfin vaincue en ce vendredi 22 F\u00e9vrier. Une journ\u00e9e \u00e0 inscrire d\u00e9sormais dans le calendrier des f\u00eates victorieuses. [&hellip;]<\/p>\n","protected":false},"author":1743,"featured_media":71793,"comment_status":"closed","ping_status":"closed","sticky":false,"template":"","format":"standard","meta":{"fifu_image_url":"","fifu_image_alt":"","footnotes":""},"categories":[73,53],"tags":[],"class_list":["post-71792","post","type-post","status-publish","format-standard","has-post-thumbnail","hentry","category-actualite","category-algerie"],"_links":{"self":[{"href":"https:\/\/linitiative.ca\/International\/wp-json\/wp\/v2\/posts\/71792","targetHints":{"allow":["GET"]}}],"collection":[{"href":"https:\/\/linitiative.ca\/International\/wp-json\/wp\/v2\/posts"}],"about":[{"href":"https:\/\/linitiative.ca\/International\/wp-json\/wp\/v2\/types\/post"}],"author":[{"embeddable":true,"href":"https:\/\/linitiative.ca\/International\/wp-json\/wp\/v2\/users\/1743"}],"replies":[{"embeddable":true,"href":"https:\/\/linitiative.ca\/International\/wp-json\/wp\/v2\/comments?post=71792"}],"version-history":[{"count":0,"href":"https:\/\/linitiative.ca\/International\/wp-json\/wp\/v2\/posts\/71792\/revisions"}],"wp:featuredmedia":[{"embeddable":true,"href":"https:\/\/linitiative.ca\/International\/wp-json\/"}],"wp:attachment":[{"href":"https:\/\/linitiative.ca\/International\/wp-json\/wp\/v2\/media?parent=71792"}],"wp:term":[{"taxonomy":"category","embeddable":true,"href":"https:\/\/linitiative.ca\/International\/wp-json\/wp\/v2\/categories?post=71792"},{"taxonomy":"post_tag","embeddable":true,"href":"https:\/\/linitiative.ca\/International\/wp-json\/wp\/v2\/tags?post=71792"}],"curies":[{"name":"wp","href":"https:\/\/api.w.org\/{rel}","templated":true}]}}