{"id":71794,"date":"2019-12-31T04:11:58","date_gmt":"2019-12-31T09:11:58","guid":{"rendered":"https:\/\/linitiative.ca\/International\/notre-incarceration-avait-un-objectif-pour-le-pouvoir\/"},"modified":"2019-12-31T04:11:58","modified_gmt":"2019-12-31T09:11:58","slug":"notre-incarceration-avait-un-objectif-pour-le-pouvoir","status":"publish","type":"post","link":"https:\/\/linitiative.ca\/International\/notre-incarceration-avait-un-objectif-pour-le-pouvoir\/","title":{"rendered":"\u00abNotre incarc\u00e9ration avait un objectif pour le pouvoir\u00bb"},"content":{"rendered":"<h4 class=\"title-14\">Samira Messouci accueillie en h\u00e9ro\u00efne \u00e0 Tizi Ouzou<\/h4>\n<div class=\"featured_image\"><img loading=\"lazy\" decoding=\"async\" width=\"1000\" height=\"750\" src=\"https:\/\/www.elwatan.com\/wp-content\/uploads\/2019\/12\/MESSOU.gif\" class=\"attachment-post-thumbnail size-post-thumbnail wp-post-image\" alt=\"\"\/><\/div>\n<p class=\"p4\"><span class=\"s1\"><strong><em>\u00abC\u2019\u00e9tait pour nous faire peur et nous pousser \u00e0 arr\u00eater notre r\u00e9volution populaire, mais toutes ces tentatives ont \u00e9t\u00e9 un \u00e9chec pour eux<br \/>et une r\u00e9ussite pour nous\u00bb, a d\u00e9clar\u00e9 Samira Messouci.<\/em><\/strong><\/span><\/p>\n<p class=\"p6\"><span class=\"s1\"><strong>J<\/strong><\/span><span class=\"s1\"><em>e brandirai le drapeau amazigh d\u00e8s que je sortirai de prison\u00bb<\/em>, a lanc\u00e9 Samira Messouci au juge d\u2019instruction du tribunal de Sidi M\u2019hamed, lors de sa pr\u00e9sentation devant la justice en septembre dernier.<\/span><\/p>\n<p class=\"p7\"><span class=\"s1\">L\u2019\u00e9lue du RCD \u00e0 l\u2019APW de Tizi Ouzou, qui vient de purger sa peine de six mois, a mis sa promesse \u00e0 ex\u00e9cution, hier, \u00e0 son arriv\u00e9e sur l\u2019esplanade de la placette M\u2019barek A\u00eft Menguellet, militant nationaliste alg\u00e9rien assassin\u00e9 par le FLN en 1957 pour berb\u00e9risme.<\/span><\/p>\n<p class=\"p7\"><span class=\"s1\">V\u00eatue d\u2019une robe kabyle, la mine toujours joyeuse malgr\u00e9 ce qu\u2019elle vient d\u2019endurer pour \u00abatteinte \u00e0 l\u2019unit\u00e9 nationale\u00bb, elle a \u00e9t\u00e9 accueillie en h\u00e9ro\u00efne \u00e0 sa descente de voiture, qui l\u2019a amen\u00e9e d\u2019Alger, par une foule en liesse, laquelle reprenait en ch\u0153ur les slogans du mouvement populaire lanc\u00e9 en f\u00e9vrier 2019.<\/span><\/p>\n<p class=\"p7\"><span class=\"s1\">Ses premiers pas de libert\u00e9 retrouv\u00e9e. Elle traverse l\u2019esplanade du monument des martyrs de la Guerre de Lib\u00e9ration, vers la tribune d\u2019accueil situ\u00e9e quelques m\u00e8tres plus loin, sur un cheval, exhibant fi\u00e8rement le portrait d\u2019un autre symbole de la justesse des causes justes, Abane Ramdane.<\/span><\/p>\n<p class=\"p7\"><span class=\"s1\"><em>\u00abAlg\u00e9rie libre et d\u00e9mocratique !\u00bb<\/em> <em>\u00abMazalagh d\u2019Imazighen !\u00bb<\/em> (Toujours Amazighs), <em>\u00abEtat civil non militaire\u00a0!\u00bb \u00abD\u00e9tenus, bravo alikoum, Djaza\u00efr taftakhir bikoum !\u00bb<\/em> (L\u2019Alg\u00e9rie est fi\u00e8re de vous), scande la foule. Chaleureuses accolades, embrassades, youyous, klaxons, chants r\u00e9volutionnaires entonn\u00e9s par des femmes, l\u2019ambiance est festive et revendicative.<\/span><\/p>\n<p class=\"p7\"><span class=\"s1\">Parmi les pr\u00e9sents, nous avons remarqu\u00e9 des parents d\u2019ex-prisonniers, des militants des partis d\u00e9mocratiques (FFS, RCD et PT), d\u2019anciennes figures du combat identitaire et d\u00e9mocratique, Mouloud Lounaouci, Hend Sadi, Mahfoud Belabbas, entre autres, des avocats, des membres du Comit\u00e9 national pour la lib\u00e9ration des d\u00e9tenus (CNLD) et des activistes du hirak.<\/span><\/p>\n<p class=\"p7\"><span class=\"s1\">Lors de sa prise de parole, Samira Messouci s\u2019est dite heureuse de retrouver son peuple, qui l\u2019a soutenue dans sa dure \u00e9preuve dans les ge\u00f4les du pouvoir, qu\u2019elle a surmont\u00e9e gr\u00e2ce \u00e0 la mobilisation de la rue. <em>\u00abC\u2019est avec beaucoup d\u2019\u00e9motion qu\u2019on est venus vous voir.<\/em><\/span><\/p>\n<p class=\"p7\"><span class=\"s1\"><em>On ne sait pas faire marche arri\u00e8re, ni ressentir de la peur. Merci aux avocats qui ont fait un travail exceptionnel avec nous et aux diff\u00e9rents collectifs en Alg\u00e9rie et \u00e0 l\u2019\u00e9tranger, le CNLD, le Collectif des familles de d\u00e9tenus, le R\u00e9seau contre la r\u00e9pression et tous ceux qui se sont constitu\u00e9s ailleurs pour nous soutenir et exiger notre lib\u00e9ration\u00bb<\/em>, a-t-elle d\u00e9clar\u00e9. Pour Samira Messouci, leur incarc\u00e9ration avait un objectif pour le pouvoir d\u2019Alger.<\/span><\/p>\n<p class=\"p7\"><span class=\"s1\"><em>\u00abC\u2019\u00e9tait pour nous faire peur et nous pousser \u00e0 arr\u00eater notre r\u00e9volution populaire, mais toutes ces tentatives ont \u00e9t\u00e9 un \u00e9chec pour eux et une r\u00e9ussite pour nous. L\u2019histoire retiendra cela. Le combat doit continuer. Les juges qui continuent \u00e0 condamner des personnes innocentes en pi\u00e9tinant les lois de la R\u00e9publique doivent savoir qu\u2019en agissant de la sorte, ils signent leur propre condamnation devant l\u2019histoire. L\u2019histoire ne pardonne pas et n\u2019oublie pas.<\/em><\/span><\/p>\n<p class=\"p7\"><span class=\"s1\"><em>La preuve, le 27 d\u00e9cembre, on a r\u00e9habilit\u00e9 un grand homme assassin\u00e9 par le pouvoir, mais que l\u2019histoire n\u2019a pas oubli\u00e9. Il s\u2019agit de Abane Ramdane. Je tiens \u00e0 remercier \u00e9galement la presse qui a fait le choix d\u2019\u00eatre libre et d\u2019assumer notre combat pour la dignit\u00e9, la d\u00e9mocratie, les droits et les libert\u00e9s.\u00bb<\/em> Un membre du collectif des avocats a fait observer que les d\u00e9tenus qui ont retrouv\u00e9 les leurs n\u2019ont pas \u00e9t\u00e9 lib\u00e9r\u00e9s par le pouvoir qui les a mis en taule injustement.<\/span><\/p>\n<p class=\"p7\"><span class=\"s1\"><em>\u00abD\u2019autres jeunes croupissent encore en prison, leur seul tort est d\u2019avoir port\u00e9 leur \u00e9tendard. Nous allons continuer \u00e0 les d\u00e9fendre. On n\u2019a plus confiance en ce pouvoir. On s\u2019est dit qu\u2019il y aura une nouvelle strat\u00e9gie en faveur du peuple, mais il n\u2019y a plus rien \u00e0 esp\u00e9rer de sa part, puisque les arrestations et les descentes dans les lieux de r\u00e9sidence des activistes se poursuivent \u00e0 ce jour.\u00bb<\/em><\/span><\/p>\n<p class=\"p7\"><span class=\"s1\">Un autre d\u00e9tenu qui fait partie des quatre \u00ablib\u00e9rables\u00bb, en l\u2019occurrence Samira Messouci, Hadi Kichou, Mustapha Aouissi et Amokrane Cha\u00e2lal, a mis en avant dans son intervention le poids de la mobilisation populaire, des avocats et du CNLD depuis leur d\u00e9tention.<\/span><\/p>\n<p class=\"p7\"><span class=\"s1\"><em>\u00abNous sommes sortis dans la rue pour changer l\u2019Alg\u00e9rie, pas pour tamazight uniquement. Nous allons poursuivre notre combat jusqu\u2019\u00e0 l\u2019aboutissement de toutes les revendications populaires\u00bb<\/em>, a-t-il soutenu. Selon le CNLD, plus d\u2019une centaine de manifestants, militants et simples citoyens ont \u00e9t\u00e9 arr\u00eat\u00e9s depuis le d\u00e9but du mouvement n\u00e9 le 22 f\u00e9vrier.\u00a0<\/span><\/p>\n<p><span class=\"post-views-label\">Post Views:<\/span> <span class=\"post-views-count\">4\u00a0478<\/span><\/p>\n<p><br class=\"c2\"\/><\/p>\n<p>Auteur: Anis Khecheba<br \/>\n<a href=\"https:\/\/www.elwatan.com\/edition\/actualite\/notre-incarceration-avait-un-objectif-pour-le-pouvoir-31-12-2019\">Cliquez ici pour lire l&rsquo;article depuis sa source.<\/a><\/p>\n","protected":false},"excerpt":{"rendered":"<p>Samira Messouci accueillie en h\u00e9ro\u00efne \u00e0 Tizi Ouzou \u00abC\u2019\u00e9tait pour nous faire peur et nous pousser \u00e0 arr\u00eater notre r\u00e9volution populaire, mais toutes ces tentatives ont \u00e9t\u00e9 un \u00e9chec pour euxet une r\u00e9ussite pour nous\u00bb, a d\u00e9clar\u00e9 Samira Messouci. Je brandirai le drapeau amazigh d\u00e8s que je sortirai de prison\u00bb, a lanc\u00e9 Samira Messouci au [&hellip;]<\/p>\n","protected":false},"author":1743,"featured_media":71795,"comment_status":"closed","ping_status":"closed","sticky":false,"template":"","format":"standard","meta":{"fifu_image_url":"","fifu_image_alt":"","footnotes":""},"categories":[73,53],"tags":[],"class_list":["post-71794","post","type-post","status-publish","format-standard","has-post-thumbnail","hentry","category-actualite","category-algerie"],"_links":{"self":[{"href":"https:\/\/linitiative.ca\/International\/wp-json\/wp\/v2\/posts\/71794","targetHints":{"allow":["GET"]}}],"collection":[{"href":"https:\/\/linitiative.ca\/International\/wp-json\/wp\/v2\/posts"}],"about":[{"href":"https:\/\/linitiative.ca\/International\/wp-json\/wp\/v2\/types\/post"}],"author":[{"embeddable":true,"href":"https:\/\/linitiative.ca\/International\/wp-json\/wp\/v2\/users\/1743"}],"replies":[{"embeddable":true,"href":"https:\/\/linitiative.ca\/International\/wp-json\/wp\/v2\/comments?post=71794"}],"version-history":[{"count":0,"href":"https:\/\/linitiative.ca\/International\/wp-json\/wp\/v2\/posts\/71794\/revisions"}],"wp:featuredmedia":[{"embeddable":true,"href":"https:\/\/linitiative.ca\/International\/wp-json\/"}],"wp:attachment":[{"href":"https:\/\/linitiative.ca\/International\/wp-json\/wp\/v2\/media?parent=71794"}],"wp:term":[{"taxonomy":"category","embeddable":true,"href":"https:\/\/linitiative.ca\/International\/wp-json\/wp\/v2\/categories?post=71794"},{"taxonomy":"post_tag","embeddable":true,"href":"https:\/\/linitiative.ca\/International\/wp-json\/wp\/v2\/tags?post=71794"}],"curies":[{"name":"wp","href":"https:\/\/api.w.org\/{rel}","templated":true}]}}