{"id":71796,"date":"2019-12-31T04:12:33","date_gmt":"2019-12-31T09:12:33","guid":{"rendered":"https:\/\/linitiative.ca\/International\/chengriha-fait-sa-premiere-intervention-mediatique\/"},"modified":"2019-12-31T04:12:33","modified_gmt":"2019-12-31T09:12:33","slug":"chengriha-fait-sa-premiere-intervention-mediatique","status":"publish","type":"post","link":"https:\/\/linitiative.ca\/International\/chengriha-fait-sa-premiere-intervention-mediatique\/","title":{"rendered":"Chengriha fait sa premi\u00e8re intervention m\u00e9diatique"},"content":{"rendered":"<h4 class=\"title-14\">Il a pr\u00e9sid\u00e9 une r\u00e9union au minist\u00e8re de la D\u00e9fense<\/h4>\n<div class=\"featured_image\"><img loading=\"lazy\" decoding=\"async\" width=\"600\" height=\"428\" src=\"https:\/\/www.elwatan.com\/wp-content\/uploads\/2019\/12\/changeriha.gif\" class=\"attachment-post-thumbnail size-post-thumbnail wp-post-image\" alt=\"\"\/><\/div>\n<p class=\"p4\"><span class=\"s1\"><strong>L<\/strong><\/span><span class=\"s1\">e chef d\u2019\u00e9tat-major de l\u2019ANP par int\u00e9rim, le g\u00e9n\u00e9ral-major Sa\u00efd Chengriha, a fait sa premi\u00e8re intervention m\u00e9diatique, hier, au si\u00e8ge du minist\u00e8re de la D\u00e9fense nationale.<\/span><\/p>\n<p class=\"p4\"><span class=\"s1\">Pr\u00e9sidant une r\u00e9union regroupant les cadres du minist\u00e8re de la D\u00e9fense et de l\u2019\u00e9tat-major de l\u2019arm\u00e9e, le chef d\u2019\u00e9tat-major par int\u00e9rim est revenu sur la situation de crise qu\u2019a travers\u00e9e le pays et sur le r\u00f4le jou\u00e9 par l\u2019ANP dans cette p\u00e9riode cruciale pour l\u2019avenir du pays.<\/span><\/p>\n<p class=\"p4\"><span class=\"s1\"><em>\u00abNous avons travers\u00e9 aux c\u00f4t\u00e9s de notre peuple, au cours de cette derni\u00e8re p\u00e9riode de notre histoire contemporaine, une \u00e9tape sensible \u00e0 travers laquelle notre pays a fait face \u00e0 un dangereux complot qui visait la stabilit\u00e9 de l\u2019Alg\u00e9rie et les fondements de l\u2019Etat, ainsi que la neutralisation de ses institutions constitutionnelles, pour l\u2019entra\u00eener dans le bourbier du chaos et de la violence\u00bb<\/em>, a-t-il affirm\u00e9 dans son allocution, qui constitue sa premi\u00e8re intervention m\u00e9diatique.<\/span><\/p>\n<p class=\"p4\"><span class=\"s1\"><em>\u00abToutefois, le haut commandement de l\u2019Arm\u00e9e nationale populaire, qui a pris conscience de l\u2019ampleur de ce complot, a su g\u00e9rer cette phase avec sagesse et clairvoyance, \u00e0 travers l\u2019accompagnement et \u00e0 la protection des marches pacifiques, sans qu\u2019aucune goutte de sang ne soit vers\u00e9e\u00bb<\/em>, a ajout\u00e9 le g\u00e9n\u00e9ral-major Chengriha, qui rappelle que l\u2019accompagnement par l\u2019ANP \u00abdes institutions de l\u2019Etat de mani\u00e8re \u00e0 leur permettre d\u2019accomplir leurs missions dans les meilleures conditions, ainsi que la d\u00e9termination \u00e0 rester dans la l\u00e9gitimit\u00e9 constitutionnelle et \u00e0 faire face \u00e0 quiconque tente de porter atteinte \u00e0 l\u2019unit\u00e9 nationale\u00bb.<\/span><\/p>\n<p class=\"p4\"><span class=\"s1\"><em>\u00abL\u2019Arm\u00e9e nationale populaire a contribu\u00e9, aux c\u00f4t\u00e9s des services de la s\u00e9curit\u00e9, \u00e0 la r\u00e9ussite de l\u2019organisation de l\u2019\u00e9lection pr\u00e9sidentielle libre, honn\u00eate et transparente, et \u00e0 la s\u00e9curisation du processus \u00e9lectoral dans un climat de qui\u00e9tude et de s\u00e9r\u00e9nit\u00e9\u00bb<\/em>, a-t-il soutenu, tout en r\u00e9affirmant que <em>\u00abnous resterons mobilis\u00e9s au service de la patrie et nous ne d\u00e9vierons jamais de nos engagements constitutionnels quelles que soient les circonstances. Et nous ferons toujours face aux ennemis de la patrie et \u00e0 quiconque tente de porter atteinte \u00e0 notre souverainet\u00e9 nationale\u00bb<\/em>.<\/span><\/p>\n<p class=\"p4\"><span class=\"s1\">Le g\u00e9n\u00e9ral-major Sa\u00efd Chengriha a par ailleurs d\u00e9clar\u00e9 : <em>\u00abJe tiens \u00e0 rappeler, sinc\u00e8rement et franchement, que, pour moi, les crit\u00e8res pour pr\u00e9tendre aux fonctions, aux postes ou \u00e0 toute autre responsabilit\u00e9, quelle que soit leur importance, sont la v\u00e9n\u00e9ration du travail qui constitue la cl\u00e9 du succ\u00e8s, en plus de la comp\u00e9tence, la capacit\u00e9, le s\u00e9rieux, l\u2019int\u00e9grit\u00e9 et le d\u00e9vouement \u00e0 l\u2019arm\u00e9e et \u00e0 la patrie.\u00bb<\/em>\u00a0<\/span><\/p>\n<p><span class=\"post-views-label\">Post Views:<\/span> <span class=\"post-views-count\">2\u00a0767<\/span><\/p>\n<p><br class=\"c2\"\/><\/p>\n<p>Auteur: Anis Khecheba<br \/>\n<a href=\"https:\/\/www.elwatan.com\/edition\/actualite\/chengriha-fait-sa-premiere-intervention-mediatique-31-12-2019\">Cliquez ici pour lire l&rsquo;article depuis sa source.<\/a><\/p>\n","protected":false},"excerpt":{"rendered":"<p>Il a pr\u00e9sid\u00e9 une r\u00e9union au minist\u00e8re de la D\u00e9fense Le chef d\u2019\u00e9tat-major de l\u2019ANP par int\u00e9rim, le g\u00e9n\u00e9ral-major Sa\u00efd Chengriha, a fait sa premi\u00e8re intervention m\u00e9diatique, hier, au si\u00e8ge du minist\u00e8re de la D\u00e9fense nationale. Pr\u00e9sidant une r\u00e9union regroupant les cadres du minist\u00e8re de la D\u00e9fense et de l\u2019\u00e9tat-major de l\u2019arm\u00e9e, le chef d\u2019\u00e9tat-major [&hellip;]<\/p>\n","protected":false},"author":1743,"featured_media":71797,"comment_status":"closed","ping_status":"closed","sticky":false,"template":"","format":"standard","meta":{"fifu_image_url":"","fifu_image_alt":"","footnotes":""},"categories":[73,53],"tags":[],"class_list":["post-71796","post","type-post","status-publish","format-standard","has-post-thumbnail","hentry","category-actualite","category-algerie"],"_links":{"self":[{"href":"https:\/\/linitiative.ca\/International\/wp-json\/wp\/v2\/posts\/71796","targetHints":{"allow":["GET"]}}],"collection":[{"href":"https:\/\/linitiative.ca\/International\/wp-json\/wp\/v2\/posts"}],"about":[{"href":"https:\/\/linitiative.ca\/International\/wp-json\/wp\/v2\/types\/post"}],"author":[{"embeddable":true,"href":"https:\/\/linitiative.ca\/International\/wp-json\/wp\/v2\/users\/1743"}],"replies":[{"embeddable":true,"href":"https:\/\/linitiative.ca\/International\/wp-json\/wp\/v2\/comments?post=71796"}],"version-history":[{"count":0,"href":"https:\/\/linitiative.ca\/International\/wp-json\/wp\/v2\/posts\/71796\/revisions"}],"wp:featuredmedia":[{"embeddable":true,"href":"https:\/\/linitiative.ca\/International\/wp-json\/"}],"wp:attachment":[{"href":"https:\/\/linitiative.ca\/International\/wp-json\/wp\/v2\/media?parent=71796"}],"wp:term":[{"taxonomy":"category","embeddable":true,"href":"https:\/\/linitiative.ca\/International\/wp-json\/wp\/v2\/categories?post=71796"},{"taxonomy":"post_tag","embeddable":true,"href":"https:\/\/linitiative.ca\/International\/wp-json\/wp\/v2\/tags?post=71796"}],"curies":[{"name":"wp","href":"https:\/\/api.w.org\/{rel}","templated":true}]}}