{"id":71798,"date":"2019-12-31T04:13:29","date_gmt":"2019-12-31T09:13:29","guid":{"rendered":"https:\/\/linitiative.ca\/International\/changement-de-cap-au-msp\/"},"modified":"2019-12-31T04:13:29","modified_gmt":"2019-12-31T09:13:29","slug":"changement-de-cap-au-msp","status":"publish","type":"post","link":"https:\/\/linitiative.ca\/International\/changement-de-cap-au-msp\/","title":{"rendered":"Changement de cap au MSP !"},"content":{"rendered":"<h4 class=\"title-14\">Le parti accepte de prendre part au dialogue<\/h4>\n<div class=\"featured_image\"><img loading=\"lazy\" decoding=\"async\" width=\"800\" height=\"833\" src=\"https:\/\/www.elwatan.com\/wp-content\/uploads\/2019\/12\/makri.gif\" class=\"attachment-post-thumbnail size-post-thumbnail wp-post-image\" alt=\"\"\/><\/div>\n<p class=\"p4\"><span class=\"s1\"><strong>Makri, qui avait refus\u00e9 d\u2019engager son parti dans le scrutin du 12 d\u00e9cembre en raison de l\u2019absence de conditions requises, consid\u00e8re aujourd\u2019hui qu\u2019il faut accorder <em>\u00abtoutes ses chances\u00bb<\/em> au nouveau Pr\u00e9sident afin de d\u00e9gager un consensus national visant \u00e0 sortir le pays de la crise qu\u2019il traverse depuis des ann\u00e9es.<\/strong><\/span><\/p>\n<p class=\"p4\"><span class=\"s1\"><strong>A<\/strong><\/span><span class=\"s1\">pr\u00e8s moult tergiversations, le Mouvement pour la soci\u00e9t\u00e9 et la paix (MSP), dirig\u00e9 par Abderrazak Makri, a annonc\u00e9 officiellement son intention de prendre part au dialogue initi\u00e9 par le nouveau locataire d\u2019El Mouradia, Abdelmadjid Tebboune. Makri, qui avait refus\u00e9 d\u2019engager son parti dans le scrutin du 12 d\u00e9cembre en raison de l\u2019absence de conditions requises, consid\u00e8re aujourd\u2019hui qu\u2019il faut accorder <em>\u00abtoutes ses chances\u00bb<\/em> au nouveau Pr\u00e9sident afin de d\u00e9gager un consensus national visant \u00e0 sortir le pays de la crise qu\u2019il traverse depuis des ann\u00e9es.<\/span><\/p>\n<p class=\"p4\"><span class=\"s1\">Faut-il rappeler qu\u2019au lendemain du discours d\u2019investiture de Tebboune, le parton du MSP s\u2019est montr\u00e9 prudent quant \u00e0 la main tendue au hirak par le pouvoir. Le MSP a qualifi\u00e9 le discours de rassembleur, mais il a affirm\u00e9 que les Alg\u00e9riens ont d\u00e9j\u00e0 entendu des gouvernants des discours similaires, pour voir se concr\u00e9tiser tout le contraire sur le terrain.<\/span><\/p>\n<p class=\"p4\"><span class=\"s1\">Il dira \u00e0 cet effet que son parti sera prudent et jugera sur la pratique. Aujourd\u2019hui, le MSP ne veut pas manquer cette occasion et veut m\u00eame contribuer aux r\u00e9formes s\u2019il est sollicit\u00e9. Hier, lors d\u2019une conf\u00e9rence de presse anim\u00e9e au si\u00e8ge de son parti, Makri a justifi\u00e9 ce revirement de situation par la concr\u00e9tisation des revendications populaires, notamment le d\u00e9part des 3B (Bouteflika, Bedoui et Bensalah).<\/span><\/p>\n<p class=\"p4\"><span class=\"s1\"><em>\u00abNous consid\u00e9rons que les facteurs qui ont emp\u00each\u00e9 l\u2019amorce d\u2019un dialogue ne sont plus l\u00e0, d\u2019o\u00f9 notre disposition \u00e0 adh\u00e9rer au processus de dialogue et \u00e0 contribuer aux r\u00e9formes\u00bb<\/em>, a pr\u00e9cis\u00e9 le pr\u00e9sident du MSP, qui se dit \u00eatre partisan de la conciliation. A la question de savoir si le MSP apportera son appui au Pr\u00e9sident mal \u00e9lu\u00a0? Makri r\u00e9pond par un <em>\u00aboui\u00bb,<\/em> arguant que Tebboune est \u00e9lu par une partie du peuple alg\u00e9rien, donc il est le Pr\u00e9sident de tous les Alg\u00e9riens !<\/span><\/p>\n<p class=\"p4\"><span class=\"s1\"><em>\u00abMise \u00e0 part la mani\u00e8re avec laquelle il a \u00e9t\u00e9 \u00e9lu, une partie des citoyens a vot\u00e9 pour lui, il est pour nous le Pr\u00e9sident de tous les Alg\u00e9riens. S\u2019il agit correctement, nous le soutiendrons, s\u2019il se trompe, nous le conseillerons, et s\u2019il fait mal les choses, nous nous opposerons \u00e0 lui avec les moyens l\u00e9gaux\u00bb<\/em>, a-t-il sugg\u00e9r\u00e9. S\u2019agissant de la participation du MSP au prochain gouvernement, le MSP n\u2019a pas \u00e9t\u00e9 consult\u00e9 pour sa constitution.<\/span><\/p>\n<p class=\"p4\"><span class=\"s1\"><em>\u00abPour le moment, aucune proposition ne nous a \u00e9t\u00e9 faite\u00bb<\/em>, dit-il, pr\u00e9cisant que sa position vis-\u00e0-vis de la future \u00e9quipe gouvernementale qui sera annonc\u00e9e prochainement est la m\u00eame que celle qu\u2019il a adopt\u00e9e vis-\u00e0-vis du Pr\u00e9sident. <em>\u00abNous sommes un parti de l\u2019opposition, mais cela ne nous emp\u00eachera pas de travailler avec Tebboune.<\/em><\/span><\/p>\n<p class=\"p4\"><span class=\"s1\"><em>Il est du devoir de chaque Alg\u00e9rien de donner sa chance au nouveau Pr\u00e9sident dans l\u2019accomplissement de sa t\u00e2che\u00bb<\/em>, insiste Makri, qui propose au nouveau pr\u00e9sident de faire attention dans sa d\u00e9marche consensuelle en \u00e9vitant les <em>\u00abbourdes commises par ses pr\u00e9d\u00e9cesseurs\u00bb,<\/em> notamment dans la s\u00e9lection de son entourage et de son cercle proche en d\u00e9busquant <em>\u00ables corrompus et les opportunistes qui pourraient offrir leurs services\u00bb<\/em>.<\/span><\/p>\n<p class=\"p4\"><span class=\"s1\">Sur le hirak, Makri pense que le mouvement populaire n\u00e9 le 22 f\u00e9vrier a permis de r\u00e9aliser des avanc\u00e9es, mais il aurait pu atteindre tous ses objectifs s\u2019il n\u2019y avait pas les interf\u00e9rences id\u00e9ologiques. <em>\u00abLe processus de changement n\u2019est pas termin\u00e9 et le hirak doit se poursuivre, et son r\u00f4le apr\u00e8s le scrutin doit \u00eatre d\u2019accompagner les r\u00e9formes, de maintenir un rapport de force qui garantisse l\u2019int\u00e9r\u00eat g\u00e9n\u00e9ral. Il y a au sein du hirak des gens sinc\u00e8res, aptes \u00e0 le repr\u00e9senter dans le dialogue national\u00bb<\/em>, croit savoir Makri.\u00a0<\/span><\/p>\n<p><span class=\"post-views-label\">Post Views:<\/span> <span class=\"post-views-count\">4\u00a0981<\/span><\/p>\n<p><br class=\"c2\"\/><\/p>\n<p>Auteur: Anis Khecheba<br \/>\n<a href=\"https:\/\/www.elwatan.com\/edition\/actualite\/changement-de-cap-au-msp-31-12-2019\">Cliquez ici pour lire l&rsquo;article depuis sa source.<\/a><\/p>\n","protected":false},"excerpt":{"rendered":"<p>Le parti accepte de prendre part au dialogue Makri, qui avait refus\u00e9 d\u2019engager son parti dans le scrutin du 12 d\u00e9cembre en raison de l\u2019absence de conditions requises, consid\u00e8re aujourd\u2019hui qu\u2019il faut accorder \u00abtoutes ses chances\u00bb au nouveau Pr\u00e9sident afin de d\u00e9gager un consensus national visant \u00e0 sortir le pays de la crise qu\u2019il traverse [&hellip;]<\/p>\n","protected":false},"author":1743,"featured_media":71799,"comment_status":"closed","ping_status":"closed","sticky":false,"template":"","format":"standard","meta":{"fifu_image_url":"","fifu_image_alt":"","footnotes":""},"categories":[73,53],"tags":[],"class_list":["post-71798","post","type-post","status-publish","format-standard","has-post-thumbnail","hentry","category-actualite","category-algerie"],"_links":{"self":[{"href":"https:\/\/linitiative.ca\/International\/wp-json\/wp\/v2\/posts\/71798","targetHints":{"allow":["GET"]}}],"collection":[{"href":"https:\/\/linitiative.ca\/International\/wp-json\/wp\/v2\/posts"}],"about":[{"href":"https:\/\/linitiative.ca\/International\/wp-json\/wp\/v2\/types\/post"}],"author":[{"embeddable":true,"href":"https:\/\/linitiative.ca\/International\/wp-json\/wp\/v2\/users\/1743"}],"replies":[{"embeddable":true,"href":"https:\/\/linitiative.ca\/International\/wp-json\/wp\/v2\/comments?post=71798"}],"version-history":[{"count":0,"href":"https:\/\/linitiative.ca\/International\/wp-json\/wp\/v2\/posts\/71798\/revisions"}],"wp:featuredmedia":[{"embeddable":true,"href":"https:\/\/linitiative.ca\/International\/wp-json\/"}],"wp:attachment":[{"href":"https:\/\/linitiative.ca\/International\/wp-json\/wp\/v2\/media?parent=71798"}],"wp:term":[{"taxonomy":"category","embeddable":true,"href":"https:\/\/linitiative.ca\/International\/wp-json\/wp\/v2\/categories?post=71798"},{"taxonomy":"post_tag","embeddable":true,"href":"https:\/\/linitiative.ca\/International\/wp-json\/wp\/v2\/tags?post=71798"}],"curies":[{"name":"wp","href":"https:\/\/api.w.org\/{rel}","templated":true}]}}