{"id":71802,"date":"2019-12-31T03:00:00","date_gmt":"2019-12-31T08:00:00","guid":{"rendered":"https:\/\/linitiative.ca\/International\/quand-larbi-bouguerra-raconte-son-enfance-a-bizerte-sa-jeunesse-entre-tunis-et-paris-et-son-combat-pour-la-planete\/"},"modified":"2019-12-31T03:00:00","modified_gmt":"2019-12-31T08:00:00","slug":"quand-larbi-bouguerra-raconte-son-enfance-a-bizerte-sa-jeunesse-entre-tunis-et-paris-et-son-combat-pour-la-planete","status":"publish","type":"post","link":"https:\/\/linitiative.ca\/International\/quand-larbi-bouguerra-raconte-son-enfance-a-bizerte-sa-jeunesse-entre-tunis-et-paris-et-son-combat-pour-la-planete\/","title":{"rendered":"Quand Larbi Bouguerra raconte son enfance \u00e0 Bizerte, sa jeunesse entre Tunis et Paris et son combat pour la plan\u00e8te"},"content":{"rendered":"<p>Il a certainement beaucoup \u00e0 dire, mais le Pr Mohamed Larbi Bouguerra ne voulait pas tomber dans le biais de \u00ab l\u2019imb\u00e9cillit\u00e9 biographique \u00bb. A 83 ans, quand on a v\u00e9cu une enfance si anim\u00e9e \u00e0 Bizerte, au milieu du si\u00e8cle dernier, fr\u00e9quent\u00e9 l\u2019Institut de Hautes Etudes de Tunis, sillonn\u00e9 les Etats-Unis, fin des ann\u00e9es 1950, poursuivi ses \u00e9tudes \u00e0 Paris, contraint \u00e0 enseigner un an \u00e0 Sfax et\u00a0 a \u00e9t\u00e9 parmi les tout premiers docteurs d\u2019Etat \u00e8s-Sciences physiques tunisiens (1967), les \u00ab Souvenirs d\u2019ici et d\u2019ailleurs \u00bb sont attractifs. C\u2019est sous ce titre qu\u2019il nous livre, dans un agencement crois\u00e9, ses m\u00e9moires enrichis d\u2019encadr\u00e9s consacr\u00e9s \u00e0 des figures marquantes (Bourguiba&#8230;) ou \u00e0 des \u00e9v\u00e8nements phares (visite au Moyen Orient&#8230;). Mais, c\u2019est l\u2019\u00e9vocation de sa ville natale, de l\u2019ambiance qui y r\u00e9gnait, des acteurs significatifs de la vie locale, de ses parents et grands-parents, des traditions et des petits secrets qui est sans doute la plus attachante. La plume devient virevoltante, le ton haletant, la description pr\u00e9cise.<\/p>\n<h2>Anti syst\u00e8me<\/h2>\n<p>Arriv\u00e9 \u00e0 l\u2019\u00e2ge adulte, Mohamed Larbi Bouguerra commencera \u00e0 promener sur le pays, le pouvoir, le monde, un regard iconoclaste. Les Etats-Unis ne l\u2019impressionnent pas, d\u00e9clenchant en lui un sentiment critique. Le parti destourien, qui pourtant avait conduit la lutte pour l\u2019ind\u00e9pendance, ne le s\u00e9duit pas. Il s\u2019inscrira r\u00e9solument \u00e0 gauche, entre le parti communiste et le mouvement Perspectives. L\u2019UGET, ne lui para\u00eet pas jouir de toute son ind\u00e9pendance, surtout que la Corporation de Paris, refusant son asservissement par le PSD, sera plus d\u2019une fois dissoute. Reste alors l\u2019AEMNA, cette association des Etudiants musulmans nord-africains (fond\u00e9e en 1927 ar un Tunisien, le Dr Salem Chadli ) et dont le fameux si\u00e8ge \u2013 restaurant situ\u00e9 au 115, boulevard Saint-Michel, sera des d\u00e9cennies durant, le foyer du nationalisme arabe militant.<\/p>\n<p>Bouguerra s\u2019y investira, sans pour autant d\u00e9laisser ses recherches en laboratoire et la pr\u00e9paration de sa th\u00e8se d\u2019Etat. Le laboratoire du Professeur Wiemann, lui r\u00e9servera cependant une belle surprise, pour la vie. Parmi les collaborateurs du labo figurait une jeune \u00e9tudiante qui entamait sa th\u00e8se de troisi\u00e8me cycle en chimie, Annie Jacquet. \u00ab Elle deviendra Mme Bouguerra. \u2018\u2019C\u2019est celle sans qui pour moi tout n\u2019est que sable aride\u2019\u2019, comme le dit Aragon dans \u2018\u2019le fou d\u2019Elsa\u2019\u2019, \u00e9crira Bouguerra. \u00bb<\/p>\n<h2>Un Tunisien de son \u00e9poque<\/h2>\n<p>En plus de 370 pages, le lecteur voguera au fil d\u2019un r\u00e9cit fluide et suave, d\u2019\u00e9vocations en combats, d\u2019anecdotes en engagements, d\u2019indignation en d\u00e9nonciation. Sacr\u00e9 Bouguerra : il ne se lassera jamais de lutter. L\u2019engagement militant lui est chevill\u00e9 au corps : l\u2019antiracisme, la cause palestinienne, l\u2019usage des pesticides, la pollution atmosph\u00e9rique, le r\u00e9chauffement de la plan\u00e8te et autres nobles causes trouvent toujours en lui un d\u00e9fenseur irr\u00e9ductible. Ses m\u00e9moires, balanc\u00e9es entre nostalgie d\u2019un temps r\u00e9volu et militant pour un monde meilleur, trouvent alors un go\u00fbt particulier. A travers le propre parcours du Pr Mohamed Larbi Bouguerra, c\u2019est l\u2019itin\u00e9raire, crois\u00e9, multiple, traditionnaliste et moderniste, arabophone et francophone, litt\u00e9raire et scientifique, d\u2019un Tunisien de son \u00e9poque.<\/p>\n<p><strong>Souvenirs d\u2019ici et d\u2019ailleurs<\/strong><br \/><em>de Mohamed Larbi Bouguerra<br \/>Editions Nirvana, d\u00e9cembre 2019, 370 pages, 25 DT.<\/em><br \/>\u00a0<\/p>\n<p>Auteur:<br \/>\n<a href=\"https:\/\/www.leaders.com.tn\/article\/28745-quand-larbi-bouguerra-raconte-son-enfance-a-bizerte-sa-jeunesse-entre-tunis-et-paris-et-son-combat-pour-la-planete\">Cliquez ici pour lire l&rsquo;article depuis sa source.<\/a><\/p>\n","protected":false},"excerpt":{"rendered":"<p>Il a certainement beaucoup \u00e0 dire, mais le Pr Mohamed Larbi Bouguerra ne voulait pas tomber dans le biais de \u00ab l\u2019imb\u00e9cillit\u00e9 biographique \u00bb. A 83 ans, quand on a v\u00e9cu une enfance si anim\u00e9e \u00e0 Bizerte, au milieu du si\u00e8cle dernier, fr\u00e9quent\u00e9 l\u2019Institut de Hautes Etudes de Tunis, sillonn\u00e9 les Etats-Unis, fin des ann\u00e9es [&hellip;]<\/p>\n","protected":false},"author":1772,"featured_media":0,"comment_status":"closed","ping_status":"closed","sticky":false,"template":"","format":"standard","meta":{"fifu_image_url":"","fifu_image_alt":"","footnotes":""},"categories":[73,55],"tags":[],"class_list":["post-71802","post","type-post","status-publish","format-standard","hentry","category-actualite","category-tunisie"],"_links":{"self":[{"href":"https:\/\/linitiative.ca\/International\/wp-json\/wp\/v2\/posts\/71802","targetHints":{"allow":["GET"]}}],"collection":[{"href":"https:\/\/linitiative.ca\/International\/wp-json\/wp\/v2\/posts"}],"about":[{"href":"https:\/\/linitiative.ca\/International\/wp-json\/wp\/v2\/types\/post"}],"author":[{"embeddable":true,"href":"https:\/\/linitiative.ca\/International\/wp-json\/wp\/v2\/users\/1772"}],"replies":[{"embeddable":true,"href":"https:\/\/linitiative.ca\/International\/wp-json\/wp\/v2\/comments?post=71802"}],"version-history":[{"count":0,"href":"https:\/\/linitiative.ca\/International\/wp-json\/wp\/v2\/posts\/71802\/revisions"}],"wp:attachment":[{"href":"https:\/\/linitiative.ca\/International\/wp-json\/wp\/v2\/media?parent=71802"}],"wp:term":[{"taxonomy":"category","embeddable":true,"href":"https:\/\/linitiative.ca\/International\/wp-json\/wp\/v2\/categories?post=71802"},{"taxonomy":"post_tag","embeddable":true,"href":"https:\/\/linitiative.ca\/International\/wp-json\/wp\/v2\/tags?post=71802"}],"curies":[{"name":"wp","href":"https:\/\/api.w.org\/{rel}","templated":true}]}}