{"id":71815,"date":"2019-12-31T16:31:36","date_gmt":"2019-12-31T21:31:36","guid":{"rendered":"https:\/\/linitiative.ca\/International\/tunisie-kais-saied-et-youssef-chahed-supervisent-le-travail-des-securitaires-en-cette-soiree-de-reveillon\/"},"modified":"2019-12-31T16:31:36","modified_gmt":"2019-12-31T21:31:36","slug":"tunisie-kais-saied-et-youssef-chahed-supervisent-le-travail-des-securitaires-en-cette-soiree-de-reveillon","status":"publish","type":"post","link":"https:\/\/linitiative.ca\/International\/tunisie-kais-saied-et-youssef-chahed-supervisent-le-travail-des-securitaires-en-cette-soiree-de-reveillon\/","title":{"rendered":"Tunisie \u2013 Ka\u00efs Sa\u00efed et Youssef Chahed supervisent le travail des s\u00e9curitaires en cette soir\u00e9e de r\u00e9veillon"},"content":{"rendered":"<div class=\"post-cont-in left relative\">\n<p>Le pr\u00e9sident de la R\u00e9publique, <a href=\"https:\/\/www.tunisienumerique.com\/tunisie-actualite\/kais-saied\/\" title=\"Ka\u00efs Sa\u00efed\" target=\"_top\" class=\"auto-link\" rel=\"noopener noreferrer\">Ka\u00efs Sa\u00efed<\/a>, accompagn\u00e9 du chef du gouvernement sortant, <a href=\"https:\/\/www.tunisienumerique.com\/tunisie-actualite\/youssef-chahed\/\" title=\"Youssef Chahed\" target=\"_top\" class=\"auto-link\" rel=\"noopener noreferrer\">Youssef Chahed<\/a>, s\u2019est rendu ce soir \u00e0 la salle d\u2019op\u00e9ration centrale du minist\u00e8re de l\u2019int\u00e9rieur, pour superviser le travail des unit\u00e9s s\u00e9curitaires et leur d\u00e9ploiement sur tout le territoire tunisien.<\/p>\n<div class=\"code-block code-block-1 c3\"><ins class=\"adsbygoogle c2\" data-ad-layout=\"in-article\" data-ad-format=\"fluid\" data-ad-client=\"ca-pub-2102118777505746\" data-ad-slot=\"7301775417\"\/> <\/div>\n<p><img loading=\"lazy\" decoding=\"async\" class=\"aligncenter size-full wp-image-486018\" src=\"https:\/\/www.tunisienumerique.com\/wp-content\/uploads\/2019\/12\/yuss.jpg\" alt=\"\" width=\"945\" height=\"630\" srcset=\"https:\/\/www.tunisienumerique.com\/wp-content\/uploads\/2019\/12\/yuss.jpg 945w, https:\/\/www.tunisienumerique.com\/wp-content\/uploads\/2019\/12\/yuss-768x512.jpg 768w, https:\/\/www.tunisienumerique.com\/wp-content\/uploads\/2019\/12\/yuss-600x400.jpg 600w\" sizes=\"auto, (max-width: 945px) 100vw, 945px\"\/><\/p>\n<p><img loading=\"lazy\" decoding=\"async\" class=\"aligncenter size-full wp-image-486021\" src=\"https:\/\/www.tunisienumerique.com\/wp-content\/uploads\/2019\/12\/youss.jpg\" alt=\"\" width=\"960\" height=\"690\" srcset=\"https:\/\/www.tunisienumerique.com\/wp-content\/uploads\/2019\/12\/youss.jpg 960w, https:\/\/www.tunisienumerique.com\/wp-content\/uploads\/2019\/12\/youss-768x552.jpg 768w, https:\/\/www.tunisienumerique.com\/wp-content\/uploads\/2019\/12\/youss-600x431.jpg 600w\" sizes=\"auto, (max-width: 960px) 100vw, 960px\"\/><\/p>\n<div class=\"swp_social_panel swp_horizontal_panel swp_flat_fresh swp_default_full_color swp_individual_full_color swp_other_full_color scale-100 scale-\" data-min-width=\"1100\" data-float-color=\"#ffffff\" data-float=\"bottom\" data-float-mobile=\"bottom\" data-transition=\"slide\">\n<div class=\"nc_tweetContainer swp_share_button total_shares total_sharesalt\"><span class=\"swp_count\">10 <span class=\"swp_label\">Partages<\/span><\/span><\/div>\n<\/div>\n<p><strong>Que se passe-t-il en Tunisie?<\/strong><br \/>Nous expliquons sur notre <a href=\"https:\/\/www.youtube.com\/channel\/UCRzypVq0B_yBad5eGrwBx0Q?sub_confirmation=1\" target=\"_blank\" rel=\"noopener noreferrer\">cha\u00eene YouTube<\/a> . <a href=\"https:\/\/www.youtube.com\/channel\/UCRzypVq0B_yBad5eGrwBx0Q?sub_confirmation=1\" target=\"_blank\" rel=\"noopener noreferrer\">Abonnez-vous!<\/a><\/p>\n<div class=\"mvp-org-wrap mvp-org-logo\" itemprop=\"publisher\" itemscope=\"\" itemtype=\"https:\/\/schema.org\/Organization\"><img decoding=\"async\" src=\"https:\/\/www.tunisienumerique.com\/wp-content\/uploads\/2017\/02\/logo_tunisie_numerique.png\"\/><\/div>\n<div class=\"mvp-related-posts left relative\">\n<h4 class=\"post-header\"><span class=\"post-header\">Lire aussi<\/span><\/h4>\n<\/div>\n<\/div>\n<p>Auteur: LM<br \/>\n<a href=\"https:\/\/www.tunisienumerique.com\/tunisie-kais-saied-et-youssef-chahed-supervisent-le-travail-des-securitaires-en-cette-soiree-de-reveillon\/\">Cliquez ici pour lire l&rsquo;article depuis sa source.<\/a><\/p>\n","protected":false},"excerpt":{"rendered":"<p>Le pr\u00e9sident de la R\u00e9publique, Ka\u00efs Sa\u00efed, accompagn\u00e9 du chef du gouvernement sortant, Youssef Chahed, s\u2019est rendu ce soir \u00e0 la salle d\u2019op\u00e9ration centrale du minist\u00e8re de l\u2019int\u00e9rieur, pour superviser le travail des unit\u00e9s s\u00e9curitaires et leur d\u00e9ploiement sur tout le territoire tunisien. 10 Partages Que se passe-t-il en Tunisie?Nous expliquons sur notre cha\u00eene YouTube [&hellip;]<\/p>\n","protected":false},"author":1789,"featured_media":71816,"comment_status":"closed","ping_status":"closed","sticky":false,"template":"","format":"standard","meta":{"fifu_image_url":"","fifu_image_alt":"","footnotes":""},"categories":[73,55],"tags":[],"class_list":["post-71815","post","type-post","status-publish","format-standard","has-post-thumbnail","hentry","category-actualite","category-tunisie"],"_links":{"self":[{"href":"https:\/\/linitiative.ca\/International\/wp-json\/wp\/v2\/posts\/71815","targetHints":{"allow":["GET"]}}],"collection":[{"href":"https:\/\/linitiative.ca\/International\/wp-json\/wp\/v2\/posts"}],"about":[{"href":"https:\/\/linitiative.ca\/International\/wp-json\/wp\/v2\/types\/post"}],"author":[{"embeddable":true,"href":"https:\/\/linitiative.ca\/International\/wp-json\/wp\/v2\/users\/1789"}],"replies":[{"embeddable":true,"href":"https:\/\/linitiative.ca\/International\/wp-json\/wp\/v2\/comments?post=71815"}],"version-history":[{"count":0,"href":"https:\/\/linitiative.ca\/International\/wp-json\/wp\/v2\/posts\/71815\/revisions"}],"wp:featuredmedia":[{"embeddable":true,"href":"https:\/\/linitiative.ca\/International\/wp-json\/"}],"wp:attachment":[{"href":"https:\/\/linitiative.ca\/International\/wp-json\/wp\/v2\/media?parent=71815"}],"wp:term":[{"taxonomy":"category","embeddable":true,"href":"https:\/\/linitiative.ca\/International\/wp-json\/wp\/v2\/categories?post=71815"},{"taxonomy":"post_tag","embeddable":true,"href":"https:\/\/linitiative.ca\/International\/wp-json\/wp\/v2\/tags?post=71815"}],"curies":[{"name":"wp","href":"https:\/\/api.w.org\/{rel}","templated":true}]}}