{"id":71820,"date":"2019-12-31T06:55:05","date_gmt":"2019-12-31T11:55:05","guid":{"rendered":"https:\/\/linitiative.ca\/International\/voeux-de-m-armand-roland-pierre-beouinde-maire-de-la-commune-de-ouagadougou\/"},"modified":"2019-12-31T06:55:05","modified_gmt":"2019-12-31T11:55:05","slug":"voeux-de-m-armand-roland-pierre-beouinde-maire-de-la-commune-de-ouagadougou","status":"publish","type":"post","link":"https:\/\/linitiative.ca\/International\/voeux-de-m-armand-roland-pierre-beouinde-maire-de-la-commune-de-ouagadougou\/","title":{"rendered":"Voeux de M. Armand Roland Pierre B\u00e9ouind\u00e9, Maire de la commune de Ouagadougou"},"content":{"rendered":"<div class=\"td-post-featured-image\"><a href=\"https:\/\/i2.wp.com\/www.sidwaya.info\/wp-content\/uploads\/2019\/12\/beouide.jpg?fit=430%2C344&#038;ssl=1\" data-caption=\"\"><img loading=\"lazy\" decoding=\"async\" width=\"430\" height=\"344\" class=\"entry-thumb td-modal-image\" src=\"https:\/\/i2.wp.com\/www.sidwaya.info\/wp-content\/uploads\/2019\/12\/beouide.jpg?resize=430%2C344&#038;ssl=1\" srcset=\"https:\/\/i2.wp.com\/www.sidwaya.info\/wp-content\/uploads\/2019\/12\/beouide.jpg?w=430&#038;ssl=1 430w, https:\/\/i2.wp.com\/www.sidwaya.info\/wp-content\/uploads\/2019\/12\/beouide.jpg?resize=300%2C240&#038;ssl=1 300w\" sizes=\"auto, (max-width: 430px) 100vw, 430px\" alt=\"\" title=\"beouide\"\/><\/a><\/div>\n<p>Population de Ouagadougou,<\/p>\n<p>Concitoyennes, concitoyens,<\/p>\n<div class=\"td-a-rec td-a-rec-id-content_inline tdi_30_ff3 td_block_template_1\"><a href=\"https:\/\/www.sidwaya.info\/wp-content\/uploads\/2019\/12\/Bandeau-sitebonneannee.jpg\"><img loading=\"lazy\" decoding=\"async\" class=\"aligncenter size-full wp-image-17812\" src=\"https:\/\/www.sidwaya.info\/wp-content\/uploads\/2019\/12\/Bandeau-sitebonneannee.jpg\" alt=\"\" width=\"720\" height=\"90\"\/><\/a><\/div>\n<p>L\u2019ann\u00e9e\u00a0 2019,\u00a0 qui\u00a0 s\u2019ach\u00e8ve,\u00a0 dans\u00a0 quelques\u00a0 heures,\u00a0 m\u2019offre\u00a0 l\u2019occasion\u00a0 de\u00a0 sacrifier\u00a0 \u00e0\u00a0 la tradition, celle de vous adresser, au nom du conseil municipal, tous mes voeux de bonne et heureuse ann\u00e9e 2020. L\u2019ann\u00e9e\u00a0 2019\u00a0 a\u00a0 \u00e9t\u00e9\u00a0 particuli\u00e8rement\u00a0 difficile\u00a0 pour\u00a0 notre\u00a0 pays,\u00a0 nous\u00a0 le\u00a0 savons,\u00a0 car\u00a0 les ennemis de notre mod\u00e8le social et de nos valeurs ont continu\u00e9 leur oeuvre macabre de destruction en causant la mort de nombreux Burkinab\u00e9, civils et militaires pour lesquels j\u2019ai une pieuse pens\u00e9e et j\u2019exprime une grande compassion pour leurs familles.<\/p>\n<p>Que le Tout-Puissant apaise leur coeur, qu\u2019il assiste les bless\u00e9s et leur accorde un prompt<\/p>\n<p>et complet r\u00e9tablissement. Je\u00a0 salue\u00a0 le\u00a0 courage\u00a0 de\u00a0 nos\u00a0 forces\u00a0 de\u00a0 d\u00e9fense\u00a0 et\u00a0 de\u00a0 s\u00e9curit\u00e9\u00a0 qui\u00a0 sont\u00a0 en\u00a0 permanence mobilis\u00e9es pour d\u00e9fendre notre libert\u00e9 et assurer notre s\u00e9curit\u00e9.<\/p>\n<p>Concitoyennes, concitoyens,<\/p>\n<p>Malgr\u00e9 le contexte s\u00e9curitaire difficile, le conseil municipal s\u2019est attel\u00e9 \u00e0 la mise en oeuvre de son programme de mandat.<\/p>\n<p>De nombreux acquis ont \u00e9t\u00e9 engrang\u00e9s, dont entre autres :<\/p>\n<p>\u2013 le lancement des travaux de modernisation des gares routi\u00e8res ;<\/p>\n<p>\u2013 le d\u00e9but des travaux de construction de 60 km de voiries ;<\/p>\n<p>\u2013 le recrutement de plus d\u2019une centaine de policiers municipaux pour assurer la s\u00e9curit\u00e9<\/p>\n<p>des Ouagalais ;<\/p>\n<p>\u2013 la centralit\u00e9 de Tanghin ;<\/p>\n<p>\u2013 la prise en charge de personnes vuln\u00e9rables par les services sociaux ;<\/p>\n<p>\u2013 le lancement de l\u2019intercommunalit\u00e9 du projet \u00ab\u00a0Grand Ouaga\u00a0\u00bb.<\/p>\n<p>Nous voudrons \u00e9galement saluer et encourager la participation citoyenne qui est la clef de vo\u00fbte du d\u00e9veloppement communautaire, ainsi, nous nous r\u00e9jouissons de la mise en place\u00a0 des\u00a0 diff\u00e9rentes\u00a0 coordinations\u00a0 par\u00a0 th\u00e9matique\u00a0 dans\u00a0 les\u00a0 12\u00a0 arrondissements, auxquelles\u00a0 nous\u00a0 allons\u00a0 conf\u00e9rer\u00a0 une\u00a0 plus\u00a0 grande\u00a0 implication \u00a0et\u00a0 responsabilit\u00e9\u00a0 pour\u00a0 une meilleure efficacit\u00e9 de nos projets.<\/p>\n<p>Mes mots de remerciement vont \u00e0 l\u2019endroit de vous tous, chers Ouagalaises et Ouagalais, des maires d\u2019arrondissement et \u00e0 tous nos partenaires techniques et financiers. De nombreux projets s\u2019annoncent pour l\u2019ann\u00e9e \u00e0 venir et nous devons chacune et chacun nous impliquer, car il s\u2019agit d\u2019une oeuvre collective que nous r\u00e9ussirons ensemble et unis.<\/p>\n<p>Chers concitoyennes, concitoyens,<\/p>\n<p>Depuis\u00a0 que\u00a0 j\u2019ai\u00a0 la\u00a0 lourde\u00a0 charge\u00a0 et\u00a0 le\u00a0 grand\u00a0 honneur\u00a0 de\u00a0 conduire\u00a0 la\u00a0 gestion\u00a0 de\u00a0 notre Commune avec le pr\u00e9cieux concours de l\u2019ex\u00e9cutif municipal et du Conseil Municipal, vous avez manifest\u00e9 votre confiance envers nous et aussi exprim\u00e9 vos attentes.<\/p>\n<p>Nous\u00a0 vous\u00a0 en\u00a0 sommes\u00a0 reconnaissants\u00a0 et\u00a0 nous\u00a0 demeurons\u00a0 engag\u00e9s\u00a0 \u00e0\u00a0 prendre\u00a0 en consid\u00e9ration vos attentes de faire rayonner sur notre continent et dans le reste du monde notre cit\u00e9, Ouagadougou, ville capitale de notre cher Faso.<\/p>\n<p>A l\u2019or\u00e9e de cette nouvelle ann\u00e9e et de cette nouvelle d\u00e9cennie, je vous invite \u00e0 poursuivre avec l\u2019\u00e9quipe municipale, l\u2019\u0153uvre de construction de notre capitale afin de faire d\u2019elle une ville propre, plus s\u00e9curis\u00e9e et plus hospitali\u00e8re.<\/p>\n<p>Bonne f\u00eates \u00e0 toutes et \u00e0 tous Bonne et heureuse ann\u00e9e 2020 !<\/p>\n<p>\u00ab Vivre ensemble, libres ensemble \u00bb !<\/p>\n<p>Que Dieu prot\u00e8ge le Faso !<\/p>\n<div class=\"td-a-rec td-a-rec-id-content_bottom tdi_31_972 td_block_template_1\"><img loading=\"lazy\" decoding=\"async\" class=\"aligncenter size-full wp-image-9623\" src=\"https:\/\/www.sidwaya.info\/wp-content\/uploads\/2019\/06\/Projet-bannie%CC%80re-Orange-mobile.jpg\" alt=\"\" width=\"728\" height=\"81\"\/><\/div>\n<p>Auteur: BS. Sidwaya<br \/>\n<a href=\"https:\/\/www.sidwaya.info\/blog\/2019\/12\/31\/voeux-de-m-armand-roland-pierre-beouinde-maire-de-la-commune-de-ouagadougou\/\">Cliquez ici pour lire l&rsquo;article depuis sa source.<\/a><\/p>\n","protected":false},"excerpt":{"rendered":"<p>Population de Ouagadougou, Concitoyennes, concitoyens, L\u2019ann\u00e9e\u00a0 2019,\u00a0 qui\u00a0 s\u2019ach\u00e8ve,\u00a0 dans\u00a0 quelques\u00a0 heures,\u00a0 m\u2019offre\u00a0 l\u2019occasion\u00a0 de\u00a0 sacrifier\u00a0 \u00e0\u00a0 la tradition, celle de vous adresser, au nom du conseil municipal, tous mes voeux de bonne et heureuse ann\u00e9e 2020. L\u2019ann\u00e9e\u00a0 2019\u00a0 a\u00a0 \u00e9t\u00e9\u00a0 particuli\u00e8rement\u00a0 difficile\u00a0 pour\u00a0 notre\u00a0 pays,\u00a0 nous\u00a0 le\u00a0 savons,\u00a0 car\u00a0 les ennemis de notre mod\u00e8le [&hellip;]<\/p>\n","protected":false},"author":1816,"featured_media":0,"comment_status":"closed","ping_status":"closed","sticky":false,"template":"","format":"standard","meta":{"fifu_image_url":"","fifu_image_alt":"","footnotes":""},"categories":[73,81],"tags":[],"class_list":["post-71820","post","type-post","status-publish","format-standard","hentry","category-actualite","category-burkina-faso"],"_links":{"self":[{"href":"https:\/\/linitiative.ca\/International\/wp-json\/wp\/v2\/posts\/71820","targetHints":{"allow":["GET"]}}],"collection":[{"href":"https:\/\/linitiative.ca\/International\/wp-json\/wp\/v2\/posts"}],"about":[{"href":"https:\/\/linitiative.ca\/International\/wp-json\/wp\/v2\/types\/post"}],"author":[{"embeddable":true,"href":"https:\/\/linitiative.ca\/International\/wp-json\/wp\/v2\/users\/1816"}],"replies":[{"embeddable":true,"href":"https:\/\/linitiative.ca\/International\/wp-json\/wp\/v2\/comments?post=71820"}],"version-history":[{"count":0,"href":"https:\/\/linitiative.ca\/International\/wp-json\/wp\/v2\/posts\/71820\/revisions"}],"wp:attachment":[{"href":"https:\/\/linitiative.ca\/International\/wp-json\/wp\/v2\/media?parent=71820"}],"wp:term":[{"taxonomy":"category","embeddable":true,"href":"https:\/\/linitiative.ca\/International\/wp-json\/wp\/v2\/categories?post=71820"},{"taxonomy":"post_tag","embeddable":true,"href":"https:\/\/linitiative.ca\/International\/wp-json\/wp\/v2\/tags?post=71820"}],"curies":[{"name":"wp","href":"https:\/\/api.w.org\/{rel}","templated":true}]}}