{"id":71821,"date":"2019-12-31T07:08:04","date_gmt":"2019-12-31T12:08:04","guid":{"rendered":"https:\/\/linitiative.ca\/International\/nouvel-an-2020-message-du-secretaire-general-des-nations-unies\/"},"modified":"2019-12-31T07:08:04","modified_gmt":"2019-12-31T12:08:04","slug":"nouvel-an-2020-message-du-secretaire-general-des-nations-unies","status":"publish","type":"post","link":"https:\/\/linitiative.ca\/International\/nouvel-an-2020-message-du-secretaire-general-des-nations-unies\/","title":{"rendered":"Nouvel an 2020: Message du secr\u00e9taire g\u00e9n\u00e9ral des nations unies"},"content":{"rendered":"<div class=\"td-post-featured-image\"><a href=\"https:\/\/i2.wp.com\/www.sidwaya.info\/wp-content\/uploads\/2019\/12\/onu.png?fit=400%2C367&#038;ssl=1\" data-caption=\"\"><img loading=\"lazy\" decoding=\"async\" width=\"400\" height=\"367\" class=\"entry-thumb td-modal-image\" src=\"https:\/\/i2.wp.com\/www.sidwaya.info\/wp-content\/uploads\/2019\/12\/onu.png?resize=400%2C367&#038;ssl=1\" srcset=\"https:\/\/i2.wp.com\/www.sidwaya.info\/wp-content\/uploads\/2019\/12\/onu.png?w=400&#038;ssl=1 400w, https:\/\/i2.wp.com\/www.sidwaya.info\/wp-content\/uploads\/2019\/12\/onu.png?resize=300%2C275&#038;ssl=1 300w\" sizes=\"auto, (max-width: 400px) 100vw, 400px\" alt=\"\" title=\"onu\"\/><\/a><\/div>\n<p class=\"yiv6933990011ydp67a6306fyiv0912492620MsoNormal\"><strong><span lang=\"IT\">\u00a0<\/span><\/strong>Je me joins \u00e0 vous depuis l\u2019Organisation des Nations Unies pour c\u00e9l\u00e9brer cette Nouvelle Ann\u00e9e 2020.<\/p>\n<p>\u00a0Elle s\u2019ouvre sur fond d\u2019incertitudes et d\u2019ins\u00e9curit\u00e9.\u00a0Les in\u00e9galit\u00e9s persistent, la haine se propage.Les conflits prolif\u00e8rent, la plan\u00e8te se r\u00e9chauffe. Le changement climatique n\u2019est pas seulement un probl\u00e8me de long terme, mais un danger \u00e9vident et imm\u00e9diat. Nous ne pouvons pas \u00eatre la g\u00e9n\u00e9ration qui se tournait les pouces pendant que la plan\u00e8te br\u00fblait.<\/p>\n<div class=\"td-a-rec td-a-rec-id-content_inline tdi_30_e5b td_block_template_1\"><a href=\"https:\/\/www.sidwaya.info\/wp-content\/uploads\/2019\/12\/Bandeau-sitebonneannee.jpg\"><img loading=\"lazy\" decoding=\"async\" class=\"aligncenter size-full wp-image-17812\" src=\"https:\/\/www.sidwaya.info\/wp-content\/uploads\/2019\/12\/Bandeau-sitebonneannee.jpg\" alt=\"\" width=\"720\" height=\"90\"\/><\/a><\/div>\n<p>\u00a0Mais il existe aussi des raisons d\u2019esp\u00e9rer. Cette ann\u00e9e, mes v\u0153ux pour la Nouvelle Ann\u00e9e s\u2019adressent \u00e0 notre plus grande source d\u2019espoir : les jeunes du monde entier.\u00a0<\/p>\n<p>Climat, \u00e9galit\u00e9 des sexes, justice sociale, droits humains\u00a0: votre g\u00e9n\u00e9ration est en premi\u00e8re ligne et en premi\u00e8re page.<\/p>\n<p>\u00a0Votre ferveur et votre d\u00e9termination sont pour moi une source d\u2019inspiration.<\/p>\n<p>\u00a0Vous r\u00e9clamez un r\u00f4le qui vous revient de droit dans la construction de notre avenir.<\/p>\n<p>\u00a0Je suis \u00e0 vos c\u00f4t\u00e9s.<\/p>\n<p>\u00a0L\u2019ONU est \u00e0 vos c\u00f4t\u00e9s \u2013 et l\u2019ONU est \u00e0 vous.\u00a0\u00a0\u00a0<\/p>\n<p>\u00a0En 2020, l\u2019Organisation f\u00eatera ses 75 ans.<\/p>\n<p>Nous lan\u00e7ons la D\u00e9cennie d\u2019action en faveur des Objectifs de d\u00e9veloppement durable, notre plan de marche vers une mondialisation \u00e9quitable.\u00a0<\/p>\n<p>Cette ann\u00e9e, le monde a besoin que les jeunes continuent \u00e0 se faire entendre. Continuez de voir grand. Continuez de repousser les limites. Et ne l\u00e2chez rien.<\/p>\n<p>\u00a0Je vous souhaite une ann\u00e9e 2020 faite de paix et de bonheur.\u00a0<\/p>\n<p>\u00a0Je vous remercie.<\/p>\n<div class=\"td-a-rec td-a-rec-id-content_bottom tdi_31_0d3 td_block_template_1\"><img loading=\"lazy\" decoding=\"async\" class=\"aligncenter size-full wp-image-9623\" src=\"https:\/\/www.sidwaya.info\/wp-content\/uploads\/2019\/06\/Projet-bannie%CC%80re-Orange-mobile.jpg\" alt=\"\" width=\"728\" height=\"81\"\/><\/div>\n<p>Auteur: BS. Sidwaya<br \/>\n<a href=\"https:\/\/www.sidwaya.info\/blog\/2019\/12\/31\/nouvel-an-2020-message-du-secretaire-general-des-nations-unies\/\">Cliquez ici pour lire l&rsquo;article depuis sa source.<\/a><\/p>\n","protected":false},"excerpt":{"rendered":"<p>\u00a0Je me joins \u00e0 vous depuis l\u2019Organisation des Nations Unies pour c\u00e9l\u00e9brer cette Nouvelle Ann\u00e9e 2020. \u00a0Elle s\u2019ouvre sur fond d\u2019incertitudes et d\u2019ins\u00e9curit\u00e9.\u00a0Les in\u00e9galit\u00e9s persistent, la haine se propage.Les conflits prolif\u00e8rent, la plan\u00e8te se r\u00e9chauffe. Le changement climatique n\u2019est pas seulement un probl\u00e8me de long terme, mais un danger \u00e9vident et imm\u00e9diat. Nous ne pouvons [&hellip;]<\/p>\n","protected":false},"author":1816,"featured_media":0,"comment_status":"closed","ping_status":"closed","sticky":false,"template":"","format":"standard","meta":{"fifu_image_url":"","fifu_image_alt":"","footnotes":""},"categories":[73,81],"tags":[],"class_list":["post-71821","post","type-post","status-publish","format-standard","hentry","category-actualite","category-burkina-faso"],"_links":{"self":[{"href":"https:\/\/linitiative.ca\/International\/wp-json\/wp\/v2\/posts\/71821","targetHints":{"allow":["GET"]}}],"collection":[{"href":"https:\/\/linitiative.ca\/International\/wp-json\/wp\/v2\/posts"}],"about":[{"href":"https:\/\/linitiative.ca\/International\/wp-json\/wp\/v2\/types\/post"}],"author":[{"embeddable":true,"href":"https:\/\/linitiative.ca\/International\/wp-json\/wp\/v2\/users\/1816"}],"replies":[{"embeddable":true,"href":"https:\/\/linitiative.ca\/International\/wp-json\/wp\/v2\/comments?post=71821"}],"version-history":[{"count":0,"href":"https:\/\/linitiative.ca\/International\/wp-json\/wp\/v2\/posts\/71821\/revisions"}],"wp:attachment":[{"href":"https:\/\/linitiative.ca\/International\/wp-json\/wp\/v2\/media?parent=71821"}],"wp:term":[{"taxonomy":"category","embeddable":true,"href":"https:\/\/linitiative.ca\/International\/wp-json\/wp\/v2\/categories?post=71821"},{"taxonomy":"post_tag","embeddable":true,"href":"https:\/\/linitiative.ca\/International\/wp-json\/wp\/v2\/tags?post=71821"}],"curies":[{"name":"wp","href":"https:\/\/api.w.org\/{rel}","templated":true}]}}