{"id":71824,"date":"2019-12-31T17:18:03","date_gmt":"2019-12-31T22:18:03","guid":{"rendered":"https:\/\/linitiative.ca\/International\/plus-de-29-millions-de-personnes-enrolees-pour-la-couverture-maladie-universelle-en-cote-divoire\/"},"modified":"2019-12-31T17:18:03","modified_gmt":"2019-12-31T22:18:03","slug":"plus-de-29-millions-de-personnes-enrolees-pour-la-couverture-maladie-universelle-en-cote-divoire","status":"publish","type":"post","link":"https:\/\/linitiative.ca\/International\/plus-de-29-millions-de-personnes-enrolees-pour-la-couverture-maladie-universelle-en-cote-divoire\/","title":{"rendered":"Plus de 2,9 millions de personnes enr\u00f4l\u00e9es pour la Couverture maladie universelle en C\u00f4te d\u2019Ivoire"},"content":{"rendered":"<div readability=\"32\">\n<p>Publi\u00e9 le 31.12.2019 \u00e0 23h18 par APA News<\/p>\n<\/div>\n<div readability=\"60\">\n<p>Plus de 2,9 millions de personnes ont d\u00e9j\u00e0 \u00e9t\u00e9 enr\u00f4l\u00e9es pour la Couverture maladie universelle (CMU) en C\u00f4te d\u2019Ivoire, une assurance sociale destin\u00e9e aux secteurs formel et informel du pays, a appris APA mardi de source officielle dans la capitale \u00e9conomique ivoirienne.\u00ab Au niveau de la protection sociale, les enr\u00f4lements pour la Couverture maladie universel (CMU) s\u2019acc\u00e9l\u00e8rent. Ce sont d\u00e9j\u00e0 plus de 2,9 millions de personnes qui ont \u00e9t\u00e9 enr\u00f4l\u00e9es dont la moiti\u00e9 b\u00e9n\u00e9ficient pour la premi\u00e8re fois de leur vie d\u2019une assurance maladie\u00bb, a fait savoir le pr\u00e9sident ivoirien Alassane Ouattara dans un discours du nouvel an \u00e0 la nation diffus\u00e9 sur les antennes de la Radiodiffusion t\u00e9l\u00e9vision ivoirienne (RTI, service public).<\/p>\n<p>Dans le m\u00eame \u00e9lan, M. Ouattara a \u00e9gren\u00e9 une s\u00e9rie de r\u00e9alisation \u00e0 l\u2019actif de son gouvernement au profit des populations ivoiriennes, notamment dans le domaine de la sant\u00e9.<\/p>\n<p>\u00ab Pour r\u00e9duire la mortalit\u00e9 infantile et maternelle, plus de 1 250 000 enfants ont \u00e9t\u00e9 vaccin\u00e9s gratuitement et pr\u00e8s de 465 000 femmes ont b\u00e9n\u00e9fici\u00e9 gracieusement de kits d\u2019accouchement et de c\u00e9sarienne \u00bb, a indiqu\u00e9 le num\u00e9ro un ivoirien soulignant que \u00ab la finalit\u00e9 de mon action \u00e0 la t\u00eate de l\u2019\u00c9tat est d\u2019am\u00e9liorer le quotidien des ivoiriens\u00bb.<\/p>\n<p>\u00a0La Couverture maladie universelle est une assurance sociale qui prend en compte le secteur formel et informel en C\u00f4te d\u2019Ivoire. Les soins de sant\u00e9 de cette assurance se feront dans les centres de sant\u00e9 conventionn\u00e9s. L\u2019assur\u00e9 devrait payer un ticket mod\u00e9rateur de 30% et l\u2019assurance le reste \u00e0 hauteur de 70%. Quant \u00e0 la cotisation, elle s\u2019\u00e9l\u00e8ve \u00e0 1000 FCFA par mois et par personne.<\/p>\n<\/div>\n<p>Auteur: APA News<br \/>\n<a href=\"https:\/\/www.journalducameroun.com\/plus-de-29-millions-de-personnes-enrolees-pour-la-couverture-maladie-universelle-en-cote-divoire\/\">Cliquez ici pour lire l&rsquo;article depuis sa source.<\/a><\/p>\n","protected":false},"excerpt":{"rendered":"<p>Publi\u00e9 le 31.12.2019 \u00e0 23h18 par APA News Plus de 2,9 millions de personnes ont d\u00e9j\u00e0 \u00e9t\u00e9 enr\u00f4l\u00e9es pour la Couverture maladie universelle (CMU) en C\u00f4te d\u2019Ivoire, une assurance sociale destin\u00e9e aux secteurs formel et informel du pays, a appris APA mardi de source officielle dans la capitale \u00e9conomique ivoirienne.\u00ab Au niveau de la protection [&hellip;]<\/p>\n","protected":false},"author":1965,"featured_media":0,"comment_status":"closed","ping_status":"closed","sticky":false,"template":"","format":"standard","meta":{"fifu_image_url":"","fifu_image_alt":"","footnotes":""},"categories":[73,82],"tags":[],"class_list":["post-71824","post","type-post","status-publish","format-standard","hentry","category-actualite","category-cameroun"],"_links":{"self":[{"href":"https:\/\/linitiative.ca\/International\/wp-json\/wp\/v2\/posts\/71824","targetHints":{"allow":["GET"]}}],"collection":[{"href":"https:\/\/linitiative.ca\/International\/wp-json\/wp\/v2\/posts"}],"about":[{"href":"https:\/\/linitiative.ca\/International\/wp-json\/wp\/v2\/types\/post"}],"author":[{"embeddable":true,"href":"https:\/\/linitiative.ca\/International\/wp-json\/wp\/v2\/users\/1965"}],"replies":[{"embeddable":true,"href":"https:\/\/linitiative.ca\/International\/wp-json\/wp\/v2\/comments?post=71824"}],"version-history":[{"count":0,"href":"https:\/\/linitiative.ca\/International\/wp-json\/wp\/v2\/posts\/71824\/revisions"}],"wp:attachment":[{"href":"https:\/\/linitiative.ca\/International\/wp-json\/wp\/v2\/media?parent=71824"}],"wp:term":[{"taxonomy":"category","embeddable":true,"href":"https:\/\/linitiative.ca\/International\/wp-json\/wp\/v2\/categories?post=71824"},{"taxonomy":"post_tag","embeddable":true,"href":"https:\/\/linitiative.ca\/International\/wp-json\/wp\/v2\/tags?post=71824"}],"curies":[{"name":"wp","href":"https:\/\/api.w.org\/{rel}","templated":true}]}}