{"id":72022,"date":"2020-01-03T05:45:00","date_gmt":"2020-01-03T10:45:00","guid":{"rendered":"https:\/\/linitiative.ca\/International\/abdelkebir-rabi-loeuvre-a-labsolu\/"},"modified":"2020-01-03T05:45:00","modified_gmt":"2020-01-03T10:45:00","slug":"abdelkebir-rabi-loeuvre-a-labsolu","status":"publish","type":"post","link":"https:\/\/linitiative.ca\/International\/abdelkebir-rabi-loeuvre-a-labsolu\/","title":{"rendered":"Abdelk\u00e9bir Rabi\u2019: L\u2019\u0153uvre \u00e0 l\u2019absolu"},"content":{"rendered":"<div readability=\"36\">\n<p>Une monographie de l\u2019artiste \u00e9dit\u00e9e avec le soutien de la fondation TGCC<\/p>\n<p>Un livre pr\u00e9sent\u00e9 \u00e0 la Galerie Abla Ababou le 9 janvier \u00e0 Rabat<\/p>\n<p>Un oscillement permanent entre abstraction et figuration<\/p>\n<\/div>\n<div readability=\"130\">\n<div class=\"dnd-atom-wrapper type-image context-sdl_editor_representation\" contenteditable=\"false\" readability=\"34\">\n<div class=\"dnd-drop-wrapper image\"><img loading=\"lazy\" decoding=\"async\" typeof=\"foaf:Image\" class=\"img-responsive\" src=\"https:\/\/www.leconomiste.com\/sites\/default\/files\/eco7\/public\/thumbnails\/image\/abdelkebir-rabi-67.jpg\" width=\"660\" height=\"330\" alt=\"abdelkebir-rabi-67.jpg\" title=\"abdelkebir-rabi-67.jpg\"\/><\/div>\n<div class=\"dnd-legend-wrapper\" contenteditable=\"true\" readability=\"13\">\n<p class=\"rtejustify\">L\u2019\u0153uvre de l\u2019artiste que d\u2019aucuns comparent, trop h\u00e2tivement, au Fran\u00e7ais Pierre Soulages o\u00f9 \u00e0 l\u2019Am\u00e9ricain Franz Kline, est dot\u00e9e d\u2019une irr\u00e9ductible singularit\u00e9, ne reniant en rien ses liens avec les autres artistes <em>(Ph. H2\/61.26)<\/em><\/p>\n<\/div>\n<\/div>\n<p class=\"rtejustify\">Ceci n\u2019est pas un beau livre, \u00abce qui ne veut aucunement dire que son aspect esth\u00e9tique soit n\u00e9glig\u00e9, ou pire, sacrifi\u00e9\u00bb, pr\u00e9vient le critique d\u2019art et fondateur de l\u2019espace H2\/61.26, Mohamed Rachdi, \u00e0 propos de la monographie qu\u2019il a dirig\u00e9e, d\u00e9di\u00e9e \u00e0 l\u2019un des plus grands ma\u00eetres de l\u2019abstraction lyrique au Maroc, Abdelk\u00e9bir Rabi\u2019.<\/p>\n<p class=\"rtejustify\">Le livre, beau certes, est abondamment fourni de textes sign\u00e9s d\u2019une belle brochette d\u2019auteurs: philosophes, conservateurs de mus\u00e9e, enseignants-chercheurs\u2026 sans compter la plume de l\u2019artiste qui jette un regard m\u00e9ditatif sur l\u2019art tout en \u00e9grenant quelques souvenirs croustillants.<\/p>\n<p class=\"rtejustify\">\u00abC\u2019est de nos rencontres r\u00e9guli\u00e8res, Abdelk\u00e9bir Rabi\u2019 et moi-m\u00eame, rencontres amicales et intellectuelles, o\u00f9 nous prenons le plus grand plaisir \u00e0 \u00e9changer autour des choses de l\u2019art et de la vie, qu\u2019a \u00e9merg\u00e9 l\u2019id\u00e9e de r\u00e9aliser une monographie sur son activit\u00e9 artistique. J\u2019ai tout de suite mesur\u00e9 l\u2019ampleur d\u2019une telle entreprise \u00e9ditoriale. Cela parce que l\u2019artiste est d\u2019abord un ami et ensuite parce qu\u2019il est un grand artiste qui a plus d\u2019un demi-si\u00e8cle de carri\u00e8re. Un artiste qui a donc derri\u00e8re lui une dense \u00e9paisseur d\u2019exp\u00e9rience cr\u00e9atrice et un v\u00e9cu certain\u00bb, s\u2019explique Mohamed Rachdi dans son texte introductif.<\/p>\n<p class=\"rtejustify\">Exp\u00e9riences cr\u00e9atives, l\u2019artiste a, en effet, eu une carri\u00e8re aussi prolixe que complexe. Celui que d\u2019aucuns comparent, trop h\u00e2tivement, au Fran\u00e7ais Pierre Soulage, o\u00f9 \u00e0 l\u2019Am\u00e9ricain Franz Kline, est dot\u00e9 d\u2019une irr\u00e9ductible singularit\u00e9, ne reniant en rien ses liens avec les autres artistes. D\u2019abord par l\u2019ensemble de son \u0153uvre qui semble, comme le pr\u00e9cise Rachdi, bipolaire, de par sa constante oscillation entre figuration et abstraction, mais\u00a0 \u00abqui demeure, en r\u00e9alit\u00e9, extr\u00eamement coh\u00e9rente, et port\u00e9e par une seule et m\u00eame posture po\u00e9tique et une qu\u00eate philosophique o\u00f9 sans cesse s\u2019entrelacent le faire et le souci permanent de la r\u00e9flexion sur l\u2019acte cr\u00e9ateur et les profondeurs humaines que cet acte implique (&#8230;)\u00bb.<\/p>\n<div class=\"dnd-atom-wrapper type-image context-sdl_editor_representation atom-align-right\" contenteditable=\"false\" readability=\"32\">\n<div class=\"dnd-drop-wrapper image\"><img loading=\"lazy\" decoding=\"async\" typeof=\"foaf:Image\" class=\"img-responsive\" src=\"https:\/\/www.leconomiste.com\/sites\/default\/files\/eco7\/public\/thumbnails\/image\/abdlelkebir-rabi-067.jpg\" width=\"289\" height=\"397\" alt=\"abdlelkebir-rabi-067.jpg\" title=\"abdlelkebir-rabi-067.jpg\"\/><\/div>\n<div class=\"dnd-legend-wrapper\" contenteditable=\"true\" readability=\"9\">\n<p class=\"rtejustify\">Plus qu\u2019un Beau Livre, la monographie d\u00e9di\u00e9e \u00e0 Abdlelk\u00e9bir Rabi\u2019 retrace plus d\u2019un demi-si\u00e8cle de la carri\u00e8re de l\u2019artiste <em>(Ph. H2\/61.26)<\/em><\/p>\n<\/div>\n<\/div>\n<p class=\"rtejustify\">Car Rabi\u2019, bien connu pour ses flamboyants traits noirs produits par une dynamique gestuelle proche du mysticisme, n\u2019en reste pas moins fid\u00e8le \u00e0 la figuration de ses d\u00e9buts. Deux facettes de son travail qu\u2019il ne cherchera jamais \u00e0 hi\u00e9rarchiser ni \u00e0 opposer: \u00abEntre peinture et dessin, entre expression abstraite et expression figurative, entre ce que je per\u00e7ois et ce que je ressens, je ne fais aucune diff\u00e9rence, sinon celle de la face et de l\u2019envers d\u2019une m\u00eame m\u00e9daille\u00bb, explique l\u2019artiste.<\/p>\n<p class=\"rtejustify\">Il faut dire que cet oscillement permanent entre abstraction et figuration ne constitue nullement, selon Mostafa Chebbak, docteur en philosophie, comme pour un grand nombre d\u2019artistes, une sorte d\u2019aboutissement logique et progressif \u00e0 partir de la figuration et par cons\u00e9quent, une n\u00e9gation de celle-ci.<\/p>\n<p class=\"rtejustify\">\u00abA travers ce va-et-vient incessant entre les deux registres, l\u2019artiste plasticien appara\u00eet en qu\u00eate spirituelle\u2026 De soi, des autres qui l\u2019entourent et, par l\u00e0 m\u00eame et en derni\u00e8re instance ou \u00abs\u00e9ance\u00bb, au sens soufi, du vaste monde dans lequel son existence se trouve ancr\u00e9e et ins\u00e9r\u00e9e\u00bb, explique le chercheur.<\/p>\n<p class=\"rtejustify\">Aux textes de Mostafa Chebbak, s\u2019ajoutent ceux d\u2019Elisabeth Chambon, de Jean-Claude Le Gouic, de Jean Lancri, de Michel Gu\u00e9rin et enfin d\u2019Alain Flamand. Six plumes bien ac\u00e9r\u00e9es qui ont une longue exp\u00e9rience d\u2019analyse de l\u2019acte cr\u00e9ateur et d\u2019\u00e9critures sur les choses de l\u2019art.<\/p>\n<p class=\"rtejustify\">Il y est question du lien qu\u2019entretiennent la peinture et le dessin dans l\u2019\u0153uvre de l\u2019artiste, de sa dynamique gestuelle de son rapport aux paysages naturels de son enfance, du c\u00f4t\u00e9 de Boulmane, ou encore les liens possibles entre l\u2019activit\u00e9 cr\u00e9atrice de Rabi\u2019 et la po\u00e9sie ou la musique.<\/p>\n<p class=\"rtejustify\"><em>A.Bo<\/em><\/p>\n<\/div>\n<p>Auteur: hlafriqi<br \/>\n<a href=\"https:\/\/www.leconomiste.com\/article\/1055349-abdelkebir-rabi-l-oeuvre-l-absolu\">Cliquez ici pour lire l&rsquo;article depuis sa source.<\/a><\/p>\n","protected":false},"excerpt":{"rendered":"<p>Une monographie de l\u2019artiste \u00e9dit\u00e9e avec le soutien de la fondation TGCC Un livre pr\u00e9sent\u00e9 \u00e0 la Galerie Abla Ababou le 9 janvier \u00e0 Rabat Un oscillement permanent entre abstraction et figuration L\u2019\u0153uvre de l\u2019artiste que d\u2019aucuns comparent, trop h\u00e2tivement, au Fran\u00e7ais Pierre Soulages o\u00f9 \u00e0 l\u2019Am\u00e9ricain Franz Kline, est dot\u00e9e d\u2019une irr\u00e9ductible singularit\u00e9, ne [&hellip;]<\/p>\n","protected":false},"author":1763,"featured_media":72023,"comment_status":"closed","ping_status":"closed","sticky":false,"template":"","format":"standard","meta":{"fifu_image_url":"","fifu_image_alt":"","footnotes":""},"categories":[78,54],"tags":[],"class_list":["post-72022","post","type-post","status-publish","format-standard","has-post-thumbnail","hentry","category-economie","category-maroc"],"_links":{"self":[{"href":"https:\/\/linitiative.ca\/International\/wp-json\/wp\/v2\/posts\/72022","targetHints":{"allow":["GET"]}}],"collection":[{"href":"https:\/\/linitiative.ca\/International\/wp-json\/wp\/v2\/posts"}],"about":[{"href":"https:\/\/linitiative.ca\/International\/wp-json\/wp\/v2\/types\/post"}],"author":[{"embeddable":true,"href":"https:\/\/linitiative.ca\/International\/wp-json\/wp\/v2\/users\/1763"}],"replies":[{"embeddable":true,"href":"https:\/\/linitiative.ca\/International\/wp-json\/wp\/v2\/comments?post=72022"}],"version-history":[{"count":0,"href":"https:\/\/linitiative.ca\/International\/wp-json\/wp\/v2\/posts\/72022\/revisions"}],"wp:featuredmedia":[{"embeddable":true,"href":"https:\/\/linitiative.ca\/International\/wp-json\/"}],"wp:attachment":[{"href":"https:\/\/linitiative.ca\/International\/wp-json\/wp\/v2\/media?parent=72022"}],"wp:term":[{"taxonomy":"category","embeddable":true,"href":"https:\/\/linitiative.ca\/International\/wp-json\/wp\/v2\/categories?post=72022"},{"taxonomy":"post_tag","embeddable":true,"href":"https:\/\/linitiative.ca\/International\/wp-json\/wp\/v2\/tags?post=72022"}],"curies":[{"name":"wp","href":"https:\/\/api.w.org\/{rel}","templated":true}]}}