{"id":72026,"date":"2020-01-03T06:15:00","date_gmt":"2020-01-03T11:15:00","guid":{"rendered":"https:\/\/linitiative.ca\/International\/libye-berlin-abrite-une-conference-pour-mettre-fin-aux-divisions\/"},"modified":"2020-01-03T06:15:00","modified_gmt":"2020-01-03T11:15:00","slug":"libye-berlin-abrite-une-conference-pour-mettre-fin-aux-divisions","status":"publish","type":"post","link":"https:\/\/linitiative.ca\/International\/libye-berlin-abrite-une-conference-pour-mettre-fin-aux-divisions\/","title":{"rendered":"Libye: Berlin abrite une conf\u00e9rence pour mettre fin aux divisions"},"content":{"rendered":"<div readability=\"35\">\n<p>Tensions Gr\u00e8ce-Turquie, l\u2019ONU appelle au dialogue<\/p>\n<p>Des accords militaires et maritimes controvers\u00e9s<\/p>\n<\/div>\n<div readability=\"83.5\">\n<p class=\"rtejustify\">La Gr\u00e8ce veut participer \u00e0 la conf\u00e9rence sur la Libye pr\u00e9vue en janvier \u00e0 Berlin sous l\u2019\u00e9gide de l\u2019ONU, au moment o\u00f9 la tension monte sur la question avec la Turquie voisine. \u00abNous ne voulons pas de source d\u2019instabilit\u00e9 dans notre voisinage. Nous avons donc notre mot \u00e0 dire sur les d\u00e9veloppements en Libye\u00bb, a estim\u00e9 le Premier ministre grec Kyriakos Mitsotakis.<\/p>\n<p class=\"rtejustify\">La conf\u00e9rence a pour objectif de mettre fin aux divisions internationales sur la Libye et ouvrir la voie \u00e0 une solution politique au conflit.\u00a0 Le pays est devenu un nouveau sujet de contentieux diplomatique entre les deux rivaux traditionnels que sont la Gr\u00e8ce et la Turquie.<\/p>\n<p class=\"rtejustify\">Lesquels s\u2019opposent sur les droits maritimes en M\u00e9diterran\u00e9e ainsi que sur les parties en conflit dans ce pays nord-africain. Ankara a sign\u00e9 en novembre deux accords controvers\u00e9s avec le gouvernement d\u2019union nationale (GNA) bas\u00e9 \u00e0 Tripoli et soutenu par l\u2019ONU. L\u2019un d\u2019eux porte sur la coop\u00e9ration militaire (le GNA en a demand\u00e9 la mise en oeuvre, ouvrant la voie \u00e0 une intervention militaire turque directe) pour lutter contre les forces du mar\u00e9chal Khalifa Haftar.<\/p>\n<p class=\"rtejustify\">L\u2019autre sur la d\u00e9limitation maritime entre la Turquie et la Libye. La Gr\u00e8ce a jug\u00e9 ces deux accords \u00abd\u00e9nu\u00e9s de fondement et contraires au droit international\u00bb. L\u2019accord global permet \u00e0 la Turquie d\u2019\u00e9tendre ses fronti\u00e8res maritimes dans une zone de M\u00e9diterran\u00e9e orientale o\u00f9 d\u2019importants gisements d\u2019hydrocarbures ont \u00e9t\u00e9 d\u00e9couverts ces derni\u00e8res ann\u00e9es autour de Chypre. A<\/p>\n<p class=\"rtejustify\">th\u00e8nes a annonc\u00e9 pour sa part qu\u2019un accord sur le gazoduc EastMed serait sign\u00e9 avec Chypre et Isra\u00ebl le 2 janvier. La Ligue arabe a tenu mardi dernier \u00e0 la demande du Caire une r\u00e9union urgente sur la situation en Libye.<\/p>\n<p class=\"rtejustify\">Plong\u00e9e dans le chaos depuis 2011, le pays est aujourd\u2019hui d\u00e9chir\u00e9 entre deux autorit\u00e9s: le GNA \u00e0 Tripoli et un pouvoir incarn\u00e9 par le mar\u00e9chal Khalifa Haftar dans l\u2019Est. Lan\u00e7ant d\u00e9but avril une offensive pour conqu\u00e9rir la capitale, le mar\u00e9chal Haftar a annonc\u00e9 le 12 d\u00e9cembre le d\u00e9but d\u2019une nouvelle bataille d\u00e9cisive pour s\u2019emparer de Tripoli.<\/p>\n<p class=\"rtejustify\">De son c\u00f4t\u00e9, le pr\u00e9sident \u00e9gyptien Abdel Fattah al-Sissi a d\u00e9nonc\u00e9 le 17 d\u00e9cembre \u00abtoute vell\u00e9it\u00e9 de contr\u00f4ler la Libye\u00bb, au surlendemain d\u2019une rencontre \u00e0 Istanbul entre le pr\u00e9sident turc Recep Tayyib Erdogan et le chef du GNA, Fayez al-Sarraj.<\/p>\n<p class=\"rtejustify\">Lors d\u2019un entretien t\u00e9l\u00e9phonique avec son homologue fran\u00e7ais Emmanuel Macron, le pr\u00e9sident \u00e9gyptien a \u00e9voqu\u00e9 \u00e9galement \u00ables risques d\u2019une escalade militaire en Libye, tout en appelant l\u2019ensemble des acteurs \u00e0 la plus grande retenue\u2026\u00bb.<\/p>\n<blockquote readability=\"18\">\n<p class=\"rtecenter\"><strong><span class=\"c4\">L\u2019internationalisation du conflit\u2026<\/span><\/strong><\/p>\n<p class=\"rtejustify\">\u00abLes accords sign\u00e9s entre Ankara et le GNA marquent une escalade dans le conflit libyen\u00bb, a regrett\u00e9 l\u2019\u00e9missaire de l\u2019ONU en Libye, Ghassan Salam\u00e9, dans un entretien avec le quotidien fran\u00e7ais Le Monde. Pour lui, ces deux accords marquent \u00abune escalade dans le conflit en l\u2019\u00e9tendant \u00e0 des zones \u00e9loign\u00e9es de la Libye, notamment le contentieux entre les Grecs et les Turcs sur la d\u00e9limitation maritime\u2026\u00bb. L\u2019\u00e9missaire de l\u2019ONU a regrett\u00e9 \u00abl\u2019internationalisation du conflit, son extension territoriale, notamment au niveau maritime, et aussi l\u2019escalade militaire proprement dite\u00bb. La pr\u00e9sidence turque a transmis au Parlement pour examen une motion autorisant le d\u00e9ploiement de militaires en Libye pour y soutenir le GNA. Erdogan avait effectu\u00e9 quelques jours une visite surprise \u00e0 Tunis. Il y avait \u00e9voqu\u00e9 avec les responsables tunisiens le conflit en Libye et les tensions r\u00e9gionales.<\/p>\n<\/blockquote>\n<p class=\"rtejustify\"><em>F. Z. T. avec agences<\/em><\/p>\n<\/div>\n<p>Auteur: hlafriqi<br \/>\n<a href=\"https:\/\/www.leconomiste.com\/article\/1055350-libye-berlin-abrite-une-conference-pour-mettre-fin-aux-divisions\">Cliquez ici pour lire l&rsquo;article depuis sa source.<\/a><\/p>\n","protected":false},"excerpt":{"rendered":"<p>Tensions Gr\u00e8ce-Turquie, l\u2019ONU appelle au dialogue Des accords militaires et maritimes controvers\u00e9s La Gr\u00e8ce veut participer \u00e0 la conf\u00e9rence sur la Libye pr\u00e9vue en janvier \u00e0 Berlin sous l\u2019\u00e9gide de l\u2019ONU, au moment o\u00f9 la tension monte sur la question avec la Turquie voisine. \u00abNous ne voulons pas de source d\u2019instabilit\u00e9 dans notre voisinage. Nous [&hellip;]<\/p>\n","protected":false},"author":1763,"featured_media":0,"comment_status":"closed","ping_status":"closed","sticky":false,"template":"","format":"standard","meta":{"fifu_image_url":"","fifu_image_alt":"","footnotes":""},"categories":[78,54],"tags":[],"class_list":["post-72026","post","type-post","status-publish","format-standard","hentry","category-economie","category-maroc"],"_links":{"self":[{"href":"https:\/\/linitiative.ca\/International\/wp-json\/wp\/v2\/posts\/72026","targetHints":{"allow":["GET"]}}],"collection":[{"href":"https:\/\/linitiative.ca\/International\/wp-json\/wp\/v2\/posts"}],"about":[{"href":"https:\/\/linitiative.ca\/International\/wp-json\/wp\/v2\/types\/post"}],"author":[{"embeddable":true,"href":"https:\/\/linitiative.ca\/International\/wp-json\/wp\/v2\/users\/1763"}],"replies":[{"embeddable":true,"href":"https:\/\/linitiative.ca\/International\/wp-json\/wp\/v2\/comments?post=72026"}],"version-history":[{"count":0,"href":"https:\/\/linitiative.ca\/International\/wp-json\/wp\/v2\/posts\/72026\/revisions"}],"wp:attachment":[{"href":"https:\/\/linitiative.ca\/International\/wp-json\/wp\/v2\/media?parent=72026"}],"wp:term":[{"taxonomy":"category","embeddable":true,"href":"https:\/\/linitiative.ca\/International\/wp-json\/wp\/v2\/categories?post=72026"},{"taxonomy":"post_tag","embeddable":true,"href":"https:\/\/linitiative.ca\/International\/wp-json\/wp\/v2\/tags?post=72026"}],"curies":[{"name":"wp","href":"https:\/\/api.w.org\/{rel}","templated":true}]}}