{"id":72105,"date":"2020-01-04T15:10:01","date_gmt":"2020-01-04T20:10:01","guid":{"rendered":"https:\/\/linitiative.ca\/International\/international-latletico-madrid-garde-un-oeil-sur-slimani\/"},"modified":"2020-01-04T15:10:01","modified_gmt":"2020-01-04T20:10:01","slug":"international-latletico-madrid-garde-un-oeil-sur-slimani","status":"publish","type":"post","link":"https:\/\/linitiative.ca\/International\/international-latletico-madrid-garde-un-oeil-sur-slimani\/","title":{"rendered":"International : L\u2019Atl\u00e9tico Madrid garde un \u0153il sur Slimani"},"content":{"rendered":"<div readability=\"32\">\n<p>Auteur : <span>Riad O.<\/span> <span class=\"time\">samedi 04 janvier 2020 17:27<\/span><\/p>\n<\/div>\n<div id=\"post_core\" readability=\"45\">\n<p>A en croire le m\u00e9dia espagnol Marca, l\u2019attaquant Alg\u00e9rien de l\u2019AS Monaco, Islam Slimani serait dans le viseur des Colchoneros de l\u2019Atl\u00e9tico Madrid. La formation espagnole songerait \u00e0 recruter un nouvel attaquant lors du mercato hivernal afin de remplacer, Diego Costa plus que jamais annonc\u00e9 sur le d\u00e9part. \u00c0 en croire les informations du quotidien Marca, le coach argentin de l\u2019Atl\u00e9tico Madrid, Diego Simeone souhaiterait recruter un nouvel attaquant. Plusieurs noms ont \u00e9t\u00e9 cit\u00e9s par le m\u00e9dia espagnol pour rejoindre les Colchoneros cet hiver dont celui d\u2019Islam Slimani. Arriv\u00e9 l\u2019\u00e9t\u00e9 dernier \u00e0 l\u2019AS Monaco sous forme de pr\u00eat en provenance de Leicester City, l\u2019attaquant de l\u2019EN a r\u00e9alis\u00e9 une bonne premi\u00e8re partie de saison avec le club mon\u00e9gasque. Slimani est, d\u2019ailleurs, actuellement le meilleur passeur de la Ligue 1 Conforama avec huit passes d\u00e9cisives. L\u2019ancien joueur du CR Belouizdad en a, aussi, inscrit six buts.<\/p>\n<p><strong>Publi\u00e9 dans :<\/strong> <span>slimani<\/span><\/p>\n<\/div>\n<p>Auteur:<br \/>\n<a href=\"http:\/\/www.lebuteur.com\/article\/detail?titre=latletico-madrid-garde-un-oeil-sur-slimani&#038;id=93959&#038;utm_source=feedburner&#038;utm_medium=feed&#038;utm_campaign=Feed%3A+GalerieFArtciles+%28Les+derniers+articles++-+lebuteur.com%29\">Cliquez ici pour lire l&rsquo;article depuis sa source.<\/a><\/p>\n","protected":false},"excerpt":{"rendered":"<p>Auteur : Riad O. samedi 04 janvier 2020 17:27 A en croire le m\u00e9dia espagnol Marca, l\u2019attaquant Alg\u00e9rien de l\u2019AS Monaco, Islam Slimani serait dans le viseur des Colchoneros de l\u2019Atl\u00e9tico Madrid. La formation espagnole songerait \u00e0 recruter un nouvel attaquant lors du mercato hivernal afin de remplacer, Diego Costa plus que jamais annonc\u00e9 sur [&hellip;]<\/p>\n","protected":false},"author":1738,"featured_media":72106,"comment_status":"closed","ping_status":"closed","sticky":false,"template":"","format":"standard","meta":{"fifu_image_url":"","fifu_image_alt":"","footnotes":""},"categories":[53,75],"tags":[],"class_list":["post-72105","post","type-post","status-publish","format-standard","has-post-thumbnail","hentry","category-algerie","category-sport"],"_links":{"self":[{"href":"https:\/\/linitiative.ca\/International\/wp-json\/wp\/v2\/posts\/72105","targetHints":{"allow":["GET"]}}],"collection":[{"href":"https:\/\/linitiative.ca\/International\/wp-json\/wp\/v2\/posts"}],"about":[{"href":"https:\/\/linitiative.ca\/International\/wp-json\/wp\/v2\/types\/post"}],"author":[{"embeddable":true,"href":"https:\/\/linitiative.ca\/International\/wp-json\/wp\/v2\/users\/1738"}],"replies":[{"embeddable":true,"href":"https:\/\/linitiative.ca\/International\/wp-json\/wp\/v2\/comments?post=72105"}],"version-history":[{"count":0,"href":"https:\/\/linitiative.ca\/International\/wp-json\/wp\/v2\/posts\/72105\/revisions"}],"wp:featuredmedia":[{"embeddable":true,"href":"https:\/\/linitiative.ca\/International\/wp-json\/"}],"wp:attachment":[{"href":"https:\/\/linitiative.ca\/International\/wp-json\/wp\/v2\/media?parent=72105"}],"wp:term":[{"taxonomy":"category","embeddable":true,"href":"https:\/\/linitiative.ca\/International\/wp-json\/wp\/v2\/categories?post=72105"},{"taxonomy":"post_tag","embeddable":true,"href":"https:\/\/linitiative.ca\/International\/wp-json\/wp\/v2\/tags?post=72105"}],"curies":[{"name":"wp","href":"https:\/\/api.w.org\/{rel}","templated":true}]}}