{"id":72107,"date":"2020-01-04T15:10:05","date_gmt":"2020-01-04T20:10:05","guid":{"rendered":"https:\/\/linitiative.ca\/International\/afrique-patrick-mboma-cest-belmadi-qui-merite-le-trophee-du-meilleur-entraineur-africain-de-lannee\/"},"modified":"2020-01-04T15:10:05","modified_gmt":"2020-01-04T20:10:05","slug":"afrique-patrick-mboma-cest-belmadi-qui-merite-le-trophee-du-meilleur-entraineur-africain-de-lannee","status":"publish","type":"post","link":"https:\/\/linitiative.ca\/International\/afrique-patrick-mboma-cest-belmadi-qui-merite-le-trophee-du-meilleur-entraineur-africain-de-lannee\/","title":{"rendered":"Afrique : Patrick Mboma : \u00abC\u2019est Belmadi qui m\u00e9rite le troph\u00e9e du meilleur entra\u00eeneur africain de l\u2019ann\u00e9e\u00bb"},"content":{"rendered":"<div readability=\"32\">\n<p>Auteur : <span>Riad O.<\/span> <span class=\"time\">samedi 04 janvier 2020 17:28<\/span><\/p>\n<\/div>\n<div id=\"post_core\" readability=\"41\">\n<p>L\u2019ancienne star des Lions indomptables, Patrick Mboma a donn\u00e9 ses favoris pour les troph\u00e9es du meilleur joueur et meilleur entra\u00eeneur africain de l\u2019ann\u00e9e. Ce mardi, et \u00e0 l\u2019occasion de la CAF Awards 2019, la Conf\u00e9d\u00e9ration Africaine de Football d\u00e9voilera l\u2019identit\u00e9 des laur\u00e9ats du football Africain de l\u2019ann\u00e9e 2019. Dans une d\u00e9claration faite au m\u00e9dia \u00e9gyptien, Superkora, Patrick Mboma\u00a0 a indiqu\u00e9 que c\u2019est Djamel Belmadi qui m\u00e9rite de remporter le troph\u00e9e de l\u2019entra\u00eeneur africain de l\u2019ann\u00e9e. Belmadi a r\u00e9ussi l\u2019exploit de mener les Verts sur le toit de l\u2019Afrique apr\u00e8s une attente de 29 ans. Patrick Mboma\u00a0 a mis Aliou Ciss\u00e9 \u00e0 la seconde place de son classement, et Moine Chaabani\u00a0 \u00e0 la troisi\u00e8me place.<\/p>\n<p><strong>Publi\u00e9 dans :<\/strong> <span>Belmadi<\/span><\/p>\n<\/div>\n<p>Auteur:<br \/>\n<a href=\"http:\/\/www.lebuteur.com\/article\/detail?titre=patrick-mboma-cest-belmadi-qui-merite-le-trophee-du-meilleur-entraineur-africain-de-lannee&#038;id=93961&#038;utm_source=feedburner&#038;utm_medium=feed&#038;utm_campaign=Feed%3A+GalerieFArtciles+%28Les+derniers+articles++-+lebuteur.com%29\">Cliquez ici pour lire l&rsquo;article depuis sa source.<\/a><\/p>\n","protected":false},"excerpt":{"rendered":"<p>Auteur : Riad O. samedi 04 janvier 2020 17:28 L\u2019ancienne star des Lions indomptables, Patrick Mboma a donn\u00e9 ses favoris pour les troph\u00e9es du meilleur joueur et meilleur entra\u00eeneur africain de l\u2019ann\u00e9e. Ce mardi, et \u00e0 l\u2019occasion de la CAF Awards 2019, la Conf\u00e9d\u00e9ration Africaine de Football d\u00e9voilera l\u2019identit\u00e9 des laur\u00e9ats du football Africain de [&hellip;]<\/p>\n","protected":false},"author":1738,"featured_media":72108,"comment_status":"closed","ping_status":"closed","sticky":false,"template":"","format":"standard","meta":{"fifu_image_url":"","fifu_image_alt":"","footnotes":""},"categories":[53,75],"tags":[],"class_list":["post-72107","post","type-post","status-publish","format-standard","has-post-thumbnail","hentry","category-algerie","category-sport"],"_links":{"self":[{"href":"https:\/\/linitiative.ca\/International\/wp-json\/wp\/v2\/posts\/72107","targetHints":{"allow":["GET"]}}],"collection":[{"href":"https:\/\/linitiative.ca\/International\/wp-json\/wp\/v2\/posts"}],"about":[{"href":"https:\/\/linitiative.ca\/International\/wp-json\/wp\/v2\/types\/post"}],"author":[{"embeddable":true,"href":"https:\/\/linitiative.ca\/International\/wp-json\/wp\/v2\/users\/1738"}],"replies":[{"embeddable":true,"href":"https:\/\/linitiative.ca\/International\/wp-json\/wp\/v2\/comments?post=72107"}],"version-history":[{"count":0,"href":"https:\/\/linitiative.ca\/International\/wp-json\/wp\/v2\/posts\/72107\/revisions"}],"wp:featuredmedia":[{"embeddable":true,"href":"https:\/\/linitiative.ca\/International\/wp-json\/"}],"wp:attachment":[{"href":"https:\/\/linitiative.ca\/International\/wp-json\/wp\/v2\/media?parent=72107"}],"wp:term":[{"taxonomy":"category","embeddable":true,"href":"https:\/\/linitiative.ca\/International\/wp-json\/wp\/v2\/categories?post=72107"},{"taxonomy":"post_tag","embeddable":true,"href":"https:\/\/linitiative.ca\/International\/wp-json\/wp\/v2\/tags?post=72107"}],"curies":[{"name":"wp","href":"https:\/\/api.w.org\/{rel}","templated":true}]}}