{"id":72111,"date":"2020-01-04T15:10:09","date_gmt":"2020-01-04T20:10:09","guid":{"rendered":"https:\/\/linitiative.ca\/International\/equipe-dalgerie-sid-ali-khaldi-ministre-de-la-jeunesse-et-des-sports-lutter-contre-largent-sale-dans-le-sport\/"},"modified":"2020-01-04T15:10:09","modified_gmt":"2020-01-04T20:10:09","slug":"equipe-dalgerie-sid-ali-khaldi-ministre-de-la-jeunesse-et-des-sports-lutter-contre-largent-sale-dans-le-sport","status":"publish","type":"post","link":"https:\/\/linitiative.ca\/International\/equipe-dalgerie-sid-ali-khaldi-ministre-de-la-jeunesse-et-des-sports-lutter-contre-largent-sale-dans-le-sport\/","title":{"rendered":"Equipe d&rsquo;Alg\u00e9rie : Sid Ali Khaldi (ministre de la jeunesse et des sports): \u00abLutter contre l&rsquo;argent sale dans le sport\u00bb"},"content":{"rendered":"<div readability=\"32\">\n<p>Auteur : <span>Riad O.<\/span> <span class=\"time\">samedi 04 janvier 2020 17:29<\/span><\/p>\n<\/div>\n<div id=\"post_core\" readability=\"44\">\n<p>C\u2019est aujourd\u2019hui que Sid Ali Khaldi a pris officiellement ses fonctions de ministre de la jeunesse et des sports lors d\u2019une c\u00e9r\u00e9monie de passation de consignes en pr\u00e9sence de son pr\u00e9d\u00e9cesseur, en l\u2019occurrence, Raouf Salim Bernaoui. Et pour sa premi\u00e8re d\u00e9claration en tant que ministre de la jeunesse et des sports, Sid Ali Khaledi a donn\u00e9 le ton. Apr\u00e8s avoir remerci\u00e9 le pr\u00e9sident de la r\u00e9publique, Abdelmadjid Tebboune, Sid Ali Khaledi est entr\u00e9 dans le vif du sujet en s\u2019attaquant aux dossiers br\u00fblants: \u00abOn va travailler afin de s\u00e9parer l\u2019argent sale du sport. Nous allons, aussi, \u0153uvrer pour promouvoir les jeunes et le sport.\u00bb a-t-il d\u00e9clar\u00e9.<\/p>\n<p><strong>Publi\u00e9 dans :<\/strong> <span>Sid Ali Khaldi<\/span><\/p>\n<\/div>\n<p>Auteur:<br \/>\n<a href=\"http:\/\/www.lebuteur.com\/article\/detail?titre=sid-ali-khaldi-ministre-de-la-jeunesse-et-des-sports-lutter-contre-largent-sale-dans-le-sport&#038;id=93962&#038;utm_source=feedburner&#038;utm_medium=feed&#038;utm_campaign=Feed%3A+GalerieFArtciles+%28Les+derniers+articles++-+lebuteur.com%29\">Cliquez ici pour lire l&rsquo;article depuis sa source.<\/a><\/p>\n","protected":false},"excerpt":{"rendered":"<p>Auteur : Riad O. samedi 04 janvier 2020 17:29 C\u2019est aujourd\u2019hui que Sid Ali Khaldi a pris officiellement ses fonctions de ministre de la jeunesse et des sports lors d\u2019une c\u00e9r\u00e9monie de passation de consignes en pr\u00e9sence de son pr\u00e9d\u00e9cesseur, en l\u2019occurrence, Raouf Salim Bernaoui. Et pour sa premi\u00e8re d\u00e9claration en tant que ministre de [&hellip;]<\/p>\n","protected":false},"author":1738,"featured_media":72112,"comment_status":"closed","ping_status":"closed","sticky":false,"template":"","format":"standard","meta":{"fifu_image_url":"","fifu_image_alt":"","footnotes":""},"categories":[53,75],"tags":[],"class_list":["post-72111","post","type-post","status-publish","format-standard","has-post-thumbnail","hentry","category-algerie","category-sport"],"_links":{"self":[{"href":"https:\/\/linitiative.ca\/International\/wp-json\/wp\/v2\/posts\/72111","targetHints":{"allow":["GET"]}}],"collection":[{"href":"https:\/\/linitiative.ca\/International\/wp-json\/wp\/v2\/posts"}],"about":[{"href":"https:\/\/linitiative.ca\/International\/wp-json\/wp\/v2\/types\/post"}],"author":[{"embeddable":true,"href":"https:\/\/linitiative.ca\/International\/wp-json\/wp\/v2\/users\/1738"}],"replies":[{"embeddable":true,"href":"https:\/\/linitiative.ca\/International\/wp-json\/wp\/v2\/comments?post=72111"}],"version-history":[{"count":0,"href":"https:\/\/linitiative.ca\/International\/wp-json\/wp\/v2\/posts\/72111\/revisions"}],"wp:featuredmedia":[{"embeddable":true,"href":"https:\/\/linitiative.ca\/International\/wp-json\/"}],"wp:attachment":[{"href":"https:\/\/linitiative.ca\/International\/wp-json\/wp\/v2\/media?parent=72111"}],"wp:term":[{"taxonomy":"category","embeddable":true,"href":"https:\/\/linitiative.ca\/International\/wp-json\/wp\/v2\/categories?post=72111"},{"taxonomy":"post_tag","embeddable":true,"href":"https:\/\/linitiative.ca\/International\/wp-json\/wp\/v2\/tags?post=72111"}],"curies":[{"name":"wp","href":"https:\/\/api.w.org\/{rel}","templated":true}]}}