{"id":72113,"date":"2020-01-04T15:10:11","date_gmt":"2020-01-04T20:10:11","guid":{"rendered":"https:\/\/linitiative.ca\/International\/pros-nantes-abeid-buteur-face-a-bayonne\/"},"modified":"2020-01-04T15:10:11","modified_gmt":"2020-01-04T20:10:11","slug":"pros-nantes-abeid-buteur-face-a-bayonne","status":"publish","type":"post","link":"https:\/\/linitiative.ca\/International\/pros-nantes-abeid-buteur-face-a-bayonne\/","title":{"rendered":"Pros : Nantes : Abeid buteur face \u00e0 Bayonne"},"content":{"rendered":"<div readability=\"32\">\n<p>Auteur : <span class=\"time\">samedi 04 janvier 2020 19:17<\/span><\/p>\n<\/div>\n<div id=\"post_core\" readability=\"36\">\n<p>Les hommes de Christian Gourcuff ont poursuivi dans la lanc\u00e9e de leur tr\u00e8s bon d\u00e9but de saison en s&rsquo;imposant sur la pelouse de l&rsquo;Aviron Bayonnais (N3). Une victoire acquise gr\u00e2ce \u00e0 une r\u00e9alisation rapide de Kalifa Coulibaly, le meilleur buteur des Canaris cette saison et un deuxi\u00e8me but d&rsquo;Abeid en toute fin de rencontre.<\/p>\n<p><img decoding=\"async\" alt=\"\" src=\"https:\/\/pbs.twimg.com\/media\/ENcom-6X0AAYVPO.jpg\" class=\"c1\"\/><\/p>\n<p><img decoding=\"async\" alt=\"\" src=\"https:\/\/pbs.twimg.com\/media\/ENcpPNHXUAEtV2i.jpg\" class=\"c1\"\/><\/p>\n<p><strong>Publi\u00e9 dans :<\/strong> <span>Abe\u00efd<\/span><\/p>\n<\/div>\n<p>Auteur:<br \/>\n<a href=\"http:\/\/www.lebuteur.com\/article\/detail?titre=nantes-abeid-buteur-face-a-bayonne&#038;id=93963&#038;utm_source=feedburner&#038;utm_medium=feed&#038;utm_campaign=Feed%3A+GalerieFArtciles+%28Les+derniers+articles++-+lebuteur.com%29\">Cliquez ici pour lire l&rsquo;article depuis sa source.<\/a><\/p>\n","protected":false},"excerpt":{"rendered":"<p>Auteur : samedi 04 janvier 2020 19:17 Les hommes de Christian Gourcuff ont poursuivi dans la lanc\u00e9e de leur tr\u00e8s bon d\u00e9but de saison en s&rsquo;imposant sur la pelouse de l&rsquo;Aviron Bayonnais (N3). Une victoire acquise gr\u00e2ce \u00e0 une r\u00e9alisation rapide de Kalifa Coulibaly, le meilleur buteur des Canaris cette saison et un deuxi\u00e8me but [&hellip;]<\/p>\n","protected":false},"author":1738,"featured_media":72114,"comment_status":"closed","ping_status":"closed","sticky":false,"template":"","format":"standard","meta":{"fifu_image_url":"","fifu_image_alt":"","footnotes":""},"categories":[53,75],"tags":[],"class_list":["post-72113","post","type-post","status-publish","format-standard","has-post-thumbnail","hentry","category-algerie","category-sport"],"_links":{"self":[{"href":"https:\/\/linitiative.ca\/International\/wp-json\/wp\/v2\/posts\/72113","targetHints":{"allow":["GET"]}}],"collection":[{"href":"https:\/\/linitiative.ca\/International\/wp-json\/wp\/v2\/posts"}],"about":[{"href":"https:\/\/linitiative.ca\/International\/wp-json\/wp\/v2\/types\/post"}],"author":[{"embeddable":true,"href":"https:\/\/linitiative.ca\/International\/wp-json\/wp\/v2\/users\/1738"}],"replies":[{"embeddable":true,"href":"https:\/\/linitiative.ca\/International\/wp-json\/wp\/v2\/comments?post=72113"}],"version-history":[{"count":0,"href":"https:\/\/linitiative.ca\/International\/wp-json\/wp\/v2\/posts\/72113\/revisions"}],"wp:featuredmedia":[{"embeddable":true,"href":"https:\/\/linitiative.ca\/International\/wp-json\/"}],"wp:attachment":[{"href":"https:\/\/linitiative.ca\/International\/wp-json\/wp\/v2\/media?parent=72113"}],"wp:term":[{"taxonomy":"category","embeddable":true,"href":"https:\/\/linitiative.ca\/International\/wp-json\/wp\/v2\/categories?post=72113"},{"taxonomy":"post_tag","embeddable":true,"href":"https:\/\/linitiative.ca\/International\/wp-json\/wp\/v2\/tags?post=72113"}],"curies":[{"name":"wp","href":"https:\/\/api.w.org\/{rel}","templated":true}]}}