{"id":72115,"date":"2020-01-04T15:18:58","date_gmt":"2020-01-04T20:18:58","guid":{"rendered":"https:\/\/linitiative.ca\/International\/importations-de-vehicules-de-moins-de-3-ans-un-arrete-interministeriel-fixera-les-modalites-dapplication\/"},"modified":"2020-01-04T15:18:58","modified_gmt":"2020-01-04T20:18:58","slug":"importations-de-vehicules-de-moins-de-3-ans-un-arrete-interministeriel-fixera-les-modalites-dapplication","status":"publish","type":"post","link":"https:\/\/linitiative.ca\/International\/importations-de-vehicules-de-moins-de-3-ans-un-arrete-interministeriel-fixera-les-modalites-dapplication\/","title":{"rendered":"Importations de v\u00e9hicules de moins de 3 ans : Un arr\u00eat\u00e9 interminist\u00e9riel fixera les modalit\u00e9s  d&rsquo;application"},"content":{"rendered":"<p>Un arr\u00eat\u00e9 interminist\u00e9riel, fixant les modalit\u00e9s d&rsquo;application de l&rsquo;importation des v\u00e9hicules de moins de trois ans, autoris\u00e9e par la loi de finances 2020, est actuellement en cours de pr\u00e9paration, a indiqu\u00e9 la Direction g\u00e9n\u00e9rale des Douanes (DGD), dans un communiqu\u00e9.<br \/>Les modalit\u00e9s d\u2019application relatives \u00e0 cette mesure ainsi qu&rsquo;au contr\u00f4le de conformit\u00e9 des v\u00e9hicules de tourisme usag\u00e9s, qui seront import\u00e9s, seront \u00abfix\u00e9es par arr\u00eat\u00e9 conjoint des ministres charg\u00e9s respectivement des Affaires \u00e9trang\u00e8res, de l\u2019Int\u00e9rieur, des Finances et des Mines, en cours de pr\u00e9paration et qui sera publi\u00e9 au journal officiel\u00bb, pr\u00e9cise la DGD.<br \/>L&rsquo;article 110 de la loi de finances pour 2020 autorise l\u2019importation des v\u00e9hicules de tourisme de moins de trois ans d\u2019\u00e2ge, par les particuliers r\u00e9sidents, une fois tous les trois ans, avec paiement des droits et taxes relevant du r\u00e9gime de droit commun et sur leurs \u00abdevises propres\u00bb, par d\u00e9bit d\u2019un compte devises ouvert en Alg\u00e9rie.<br \/>La loi de finances 2020 autorise l&rsquo;importation des voitures avec moteurs \u00e0 essence ou diesel, mais dans le respect des normes environnementales.<br \/>\u00a0<\/p>\n<p>Auteur: elmoudjahid<br \/>\n<a href=\"http:\/\/www.elmoudjahid.com\/fr\/actualites\/146657\">Cliquez ici pour lire l&rsquo;article depuis sa source.<\/a><\/p>\n","protected":false},"excerpt":{"rendered":"<p>Un arr\u00eat\u00e9 interminist\u00e9riel, fixant les modalit\u00e9s d&rsquo;application de l&rsquo;importation des v\u00e9hicules de moins de trois ans, autoris\u00e9e par la loi de finances 2020, est actuellement en cours de pr\u00e9paration, a indiqu\u00e9 la Direction g\u00e9n\u00e9rale des Douanes (DGD), dans un communiqu\u00e9.Les modalit\u00e9s d\u2019application relatives \u00e0 cette mesure ainsi qu&rsquo;au contr\u00f4le de conformit\u00e9 des v\u00e9hicules de tourisme [&hellip;]<\/p>\n","protected":false},"author":1744,"featured_media":0,"comment_status":"closed","ping_status":"closed","sticky":false,"template":"","format":"standard","meta":{"fifu_image_url":"","fifu_image_alt":"","footnotes":""},"categories":[73,53],"tags":[],"class_list":["post-72115","post","type-post","status-publish","format-standard","hentry","category-actualite","category-algerie"],"_links":{"self":[{"href":"https:\/\/linitiative.ca\/International\/wp-json\/wp\/v2\/posts\/72115","targetHints":{"allow":["GET"]}}],"collection":[{"href":"https:\/\/linitiative.ca\/International\/wp-json\/wp\/v2\/posts"}],"about":[{"href":"https:\/\/linitiative.ca\/International\/wp-json\/wp\/v2\/types\/post"}],"author":[{"embeddable":true,"href":"https:\/\/linitiative.ca\/International\/wp-json\/wp\/v2\/users\/1744"}],"replies":[{"embeddable":true,"href":"https:\/\/linitiative.ca\/International\/wp-json\/wp\/v2\/comments?post=72115"}],"version-history":[{"count":0,"href":"https:\/\/linitiative.ca\/International\/wp-json\/wp\/v2\/posts\/72115\/revisions"}],"wp:attachment":[{"href":"https:\/\/linitiative.ca\/International\/wp-json\/wp\/v2\/media?parent=72115"}],"wp:term":[{"taxonomy":"category","embeddable":true,"href":"https:\/\/linitiative.ca\/International\/wp-json\/wp\/v2\/categories?post=72115"},{"taxonomy":"post_tag","embeddable":true,"href":"https:\/\/linitiative.ca\/International\/wp-json\/wp\/v2\/tags?post=72115"}],"curies":[{"name":"wp","href":"https:\/\/api.w.org\/{rel}","templated":true}]}}