{"id":72117,"date":"2020-01-04T15:19:03","date_gmt":"2020-01-04T20:19:03","guid":{"rendered":"https:\/\/linitiative.ca\/International\/reunion-du-conseil-des-ministres-aujourdhui-un-plan-daction-pour-le-gouvernement\/"},"modified":"2020-01-04T15:19:03","modified_gmt":"2020-01-04T20:19:03","slug":"reunion-du-conseil-des-ministres-aujourdhui-un-plan-daction-pour-le-gouvernement","status":"publish","type":"post","link":"https:\/\/linitiative.ca\/International\/reunion-du-conseil-des-ministres-aujourdhui-un-plan-daction-pour-le-gouvernement\/","title":{"rendered":"R\u00e9union  du conseil  des ministres  aujourd\u2019hui : un plan d\u2019action  pour le gouvernement"},"content":{"rendered":"<p><strong>Le pr\u00e9sident de la R\u00e9publique pr\u00e9sidera aujourd\u2019hui la premi\u00e8re r\u00e9union du Conseil des ministres avec les nouveaux membres\u00a0 du gouvernement. Dans l\u2019annonce faite par le ministre conseiller charg\u00e9 de la communicationet porte-parole officiel de la pr\u00e9sidence\u00a0 de la R\u00e9publique, M. Bela\u00efd-Mohand Oussa\u00efd, la nouvelle composition entamera son travail par l\u2019\u00e9laboration de son plan d\u2019action<br \/>pour \u00able lancement du changement \u00e9conomique en Alg\u00e9rie\u00bb.<\/strong><\/p>\n<p>Le nouveau staff compte ainsi plancher sur l\u2019am\u00e9lioration de la situation \u00e9conomique, et la situation politique. L\u2019un des plus grands d\u00e9fis du gouvernement de Djerad, de l\u2019avis des sp\u00e9cialistes en la mati\u00e8re, est de \u00abfaire sauter les verrous qui paralysent le d\u00e9veloppement \u00e9conomique, mais aussi de r\u00e9unir les acteurs du Hirak, les repr\u00e9sentants du mouvement associatif, les partis politiques pour un dialogue inclusif afin de trouver une solution politique consensuelle \u00bb.<br \/>L\u2019autre challenge, estiment les observateurs, est celui de \u00abla stabilit\u00e9, de la transition, et du renforcement du r\u00f4le de l\u2019Alg\u00e9rie dans les sph\u00e8res r\u00e9gionales et internationales\u00bb.<br \/>M. Djerad a affirm\u00e9 apr\u00e8s sa nomination, que le plus important pour la p\u00e9riode actuelle est de \u00abregagner la confiance\u00bb du peuple alg\u00e9rien. Il faut se rappeler que le pr\u00e9sident de la R\u00e9publique a plac\u00e9 la crise politique au premier rang des pr\u00e9occupations.<br \/>Le gouvernement devrait donc se mobiliser sur plusieurs dossiers \u00e0 traiter dans les prochains mois : la situation politique et la r\u00e9forme de la Constitution ; l&rsquo;\u00e9conomie ; les questions li\u00e9es \u00e0 la s\u00e9curit\u00e9 et la r\u00e9appropriation et la redynamisation du r\u00f4le de la diplomatie alg\u00e9rienne.<br \/>La mission de l\u2019\u00e9quipe gouvernementale de M. Djerad est de mutualiser les efforts pour parvenir \u00e0 un consensus issu d\u2019un dialogue r\u00e9unissant des comp\u00e9tences nationales, des cadres du pays et des citoyens et citoyennes en vue de \u00abrelever les d\u00e9fis socio\u00e9conomiques et sortir de cette p\u00e9riode d\u00e9licate que traverse notre pays\u00bb, comme il l\u2019a soulign\u00e9 la semaine derni\u00e8re \u00e0 l\u2019issue de sa d\u00e9signation \u00e0 la t\u00eate de l\u2019ex\u00e9cutif.<br \/>Une vision que partagent bon nombre d\u2019experts et politologues qui estiment que la philosophie de l\u2019action du nouveau gouvernement sera d\u00e9finie sur les principes de l\u2019exemplarit\u00e9, de la solidarit\u00e9 et de la coh\u00e9sion dans l\u2019accomplissement des missions des diff\u00e9rents d\u00e9partements, dans le cadre d\u2019actions concert\u00e9es, qui placent le citoyen au c\u0153ur des pr\u00e9occupations.<br \/>La question \u00e9conomique est\u00a0 l\u2019une des probl\u00e9matiques urgentes pour le nouveau gouvernement. M. Djerad avait insist\u00e9 sur l\u2019imp\u00e9ratif de \u00abtravailler ensemble pour relever les d\u00e9fis socio\u00e9conomiques auxquels se heurte le pays\u00bb.<br \/>L\u2019am\u00e9lioration de la situation \u00e9conomique passera par l\u2019ouverture de plusieurs dossiers, notamment la r\u00e9organisation du commerce ; la promotion de la production locale et la prise de mesures pour l\u2019encouragement de l\u2019investissement. Il s\u2019agira aussi d\u2019\u0153uvrer efficacement pour la cr\u00e9ation d\u2019emploi et de richesse, pour se lib\u00e9rer de la d\u00e9pendance aux hydrocarbures. La cr\u00e9ation d\u2019un d\u00e9partement charg\u00e9 des start-up s\u2019inscrit dans cette strat\u00e9gie qui vise \u00e0 mener une politique stimulant la croissance et l\u2019emploi.<br \/>Le gouvernement va devoir \u00e9galement \u00e9laborer une strat\u00e9gie pour relever le d\u00e9fi de l\u2019autosuffisance en misant sur les productions locales, et r\u00e9duire les importations. Les questions li\u00e9es \u00e0 la lutte contre la corruption sont \u00e9galement \u00e0 l\u2019ordre du jour.<br \/>Le gouvernement est d\u00e9cid\u00e9 \u00e0 poursuivre la lutte et mener jusqu\u2019au bout les poursuites judiciaires contre tous ceux quoi se sont rendus coupables de m\u00e9faits qui ont saign\u00e9 l\u2019\u00e9conomie nationale.<br \/>L\u2018\u00e9quipe dirig\u00e9e par Abdelaziz Djerad est op\u00e9rationnelle depuis hier. Le gouvernement compte 39 membres, dont 7 ministres d\u00e9l\u00e9gu\u00e9s et 4 secr\u00e9taires d\u2019Etat. Il est \u00e9galement compos\u00e9 de 5 femmes ministres. Pour rappel, le pr\u00e9sident Tebboune a pris\u00a0 ses fonctions officiellement apr\u00e8s avoir pr\u00eat\u00e9 serment, lors de la c\u00e9r\u00e9monie d\u2019investiture le 19 d\u00e9cembre dernier. Deux semaines plus tard, le gouvernement est\u00a0 form\u00e9 et il pr\u00e9side donc, aujourd\u2019hui, son premier Conseil des ministres<br \/><strong>Tahar Ka\u00efdi<\/strong><br \/>\u00a0<\/p>\n<p>Auteur: elmoudjahid<br \/>\n<a href=\"http:\/\/www.elmoudjahid.com\/fr\/actualites\/146659\">Cliquez ici pour lire l&rsquo;article depuis sa source.<\/a><\/p>\n","protected":false},"excerpt":{"rendered":"<p>Le pr\u00e9sident de la R\u00e9publique pr\u00e9sidera aujourd\u2019hui la premi\u00e8re r\u00e9union du Conseil des ministres avec les nouveaux membres\u00a0 du gouvernement. Dans l\u2019annonce faite par le ministre conseiller charg\u00e9 de la communicationet porte-parole officiel de la pr\u00e9sidence\u00a0 de la R\u00e9publique, M. Bela\u00efd-Mohand Oussa\u00efd, la nouvelle composition entamera son travail par l\u2019\u00e9laboration de son plan d\u2019actionpour \u00able [&hellip;]<\/p>\n","protected":false},"author":1744,"featured_media":0,"comment_status":"closed","ping_status":"closed","sticky":false,"template":"","format":"standard","meta":{"fifu_image_url":"","fifu_image_alt":"","footnotes":""},"categories":[73,53],"tags":[],"class_list":["post-72117","post","type-post","status-publish","format-standard","hentry","category-actualite","category-algerie"],"_links":{"self":[{"href":"https:\/\/linitiative.ca\/International\/wp-json\/wp\/v2\/posts\/72117","targetHints":{"allow":["GET"]}}],"collection":[{"href":"https:\/\/linitiative.ca\/International\/wp-json\/wp\/v2\/posts"}],"about":[{"href":"https:\/\/linitiative.ca\/International\/wp-json\/wp\/v2\/types\/post"}],"author":[{"embeddable":true,"href":"https:\/\/linitiative.ca\/International\/wp-json\/wp\/v2\/users\/1744"}],"replies":[{"embeddable":true,"href":"https:\/\/linitiative.ca\/International\/wp-json\/wp\/v2\/comments?post=72117"}],"version-history":[{"count":0,"href":"https:\/\/linitiative.ca\/International\/wp-json\/wp\/v2\/posts\/72117\/revisions"}],"wp:attachment":[{"href":"https:\/\/linitiative.ca\/International\/wp-json\/wp\/v2\/media?parent=72117"}],"wp:term":[{"taxonomy":"category","embeddable":true,"href":"https:\/\/linitiative.ca\/International\/wp-json\/wp\/v2\/categories?post=72117"},{"taxonomy":"post_tag","embeddable":true,"href":"https:\/\/linitiative.ca\/International\/wp-json\/wp\/v2\/tags?post=72117"}],"curies":[{"name":"wp","href":"https:\/\/api.w.org\/{rel}","templated":true}]}}