{"id":72119,"date":"2020-01-04T15:19:07","date_gmt":"2020-01-04T20:19:07","guid":{"rendered":"https:\/\/linitiative.ca\/International\/commentaire-la-prospective-instrument-daide-a-la-decision\/"},"modified":"2020-01-04T15:19:07","modified_gmt":"2020-01-04T20:19:07","slug":"commentaire-la-prospective-instrument-daide-a-la-decision","status":"publish","type":"post","link":"https:\/\/linitiative.ca\/International\/commentaire-la-prospective-instrument-daide-a-la-decision\/","title":{"rendered":"Commentaire : La prospective, instrument d&rsquo;aide \u00e0 la d\u00e9cision"},"content":{"rendered":"<p>La prospective comme instrument d&rsquo;aide \u00e0 la d\u00e9cision vient d\u2019\u00eatre r\u00e9habilit\u00e9e dans sa fonction \u00e0 travers la cr\u00e9ation d\u2019un minist\u00e8re d\u00e9l\u00e9gu\u00e9 charg\u00e9 des Statistiques et de la Prospective.<br \/>L\u2019initiative du pr\u00e9sident de la R\u00e9publique s\u2019explique par cette volont\u00e9 de redonner \u00e0 cette dimension un r\u00f4le dans la perception des projections socio-\u00e9conomiques du pays en mati\u00e8re de d\u00e9finition des choix et des objectifs \u00e0 long terme, et des pr\u00e9visions, \u00e0 court et moyen termes. En fait, dans cette phase de r\u00e9orientation des grandes d\u00e9cisions \u00e9conomiques, le gouvernement a fortement besoin d\u2019\u00e9clairages pour guider son action en mati\u00e8re de conception et d\u2019\u00e9laboration des politiques publiques sur la base de diagnostics, de sc\u00e9narios prospectifs, de statistiques et de recommandations en termes de strat\u00e9gies. Dans cette optique, l&rsquo;information statistique, en tant que donn\u00e9e de r\u00e9f\u00e9rence, rev\u00eat une importance pertinente en ce sens qu\u2019elle donne l\u2019opportunit\u00e9 \u00abd\u2019analyser la coh\u00e9rence d\u2019ensemble et d\u2019\u00e9valuer l\u2019impact financier des politiques et des programmes \u00e9conomiques et sociaux\u00bb. Toute une approche, en fait, cens\u00e9e \u00e9clairer les d\u00e9cideurs sur les mutations et autres \u00e9l\u00e9ments susceptibles de produire des changements, \u00e0 moyen ou long terme. L\u2019approche prospective en appelle, \u00e0 ce titre, \u00e0 des instruments de veille, notamment au plan \u00e9conomique et social, mais permet aussi des marges pour d\u2019\u00e9ventuelles r\u00e9visions et corrections de parcours. Dans ce contexte, l\u2019approche est cens\u00e9e sugg\u00e9rer les \u00e9l\u00e9ments de strat\u00e9gie nationale dans les domaines du d\u00e9veloppement social, \u00e9conomique et territorial, une dimension int\u00e9gr\u00e9e dans l\u2019action des pouvoirs publics comme \u00e9tant un facteur essentiel de stabilit\u00e9, d\u2019\u00e9quit\u00e9 et de justice sociale. Dans ce sens, la prospective en tant que d\u00e9marche globale devra aider \u00e0 l\u2019\u00e9laboration de la \u00abstrat\u00e9gie nationale de d\u00e9veloppement durable, et \u00e0 l\u2019identification\u00bb des conditions de la stabilit\u00e9 des grands \u00e9quilibres \u00e9conomiques et de leur soutenabilit\u00e9 \u00e0 long terme\u00bb. Il s\u2019agira par cons\u00e9quent de mettre en place les instruments d\u2019analyse et de prospective n\u00e9cessaires \u00e0 la connaissance et \u00e0 la ma\u00eetrise des indicateurs des \u00e9volutions, tant au niveau de la soci\u00e9t\u00e9 que de l\u2019\u00e9conomie, et de d\u00e9velopper les dispositifs de pr\u00e9vision et de simulation des sc\u00e9narios plausibles et pr\u00e9visibles. En plus de cette n\u00e9cessit\u00e9 de contribuer \u00e0 l\u2019am\u00e9lioration de la gouvernance \u00e9conomique et financi\u00e8re, la mission qui incombe au d\u00e9partement charg\u00e9 des statistiques et de la prospective r\u00e9side dans cet imp\u00e9ratif qui consiste \u00e0 \u0153uvrer dans le sens d\u2019une synergie de l\u2019information, de sa fiabilit\u00e9, mais aussi, de sa fabrication comme \u00e9tant un outil de veille \u00e9conomique d\u00e9sormais indispensable et incontournable dans la conduite des politiques publiques.<br \/>D. Akila<br \/>\u00a0<\/p>\n<p>Auteur: elmoudjahid<br \/>\n<a href=\"http:\/\/www.elmoudjahid.com\/fr\/actualites\/146661\">Cliquez ici pour lire l&rsquo;article depuis sa source.<\/a><\/p>\n","protected":false},"excerpt":{"rendered":"<p>La prospective comme instrument d&rsquo;aide \u00e0 la d\u00e9cision vient d\u2019\u00eatre r\u00e9habilit\u00e9e dans sa fonction \u00e0 travers la cr\u00e9ation d\u2019un minist\u00e8re d\u00e9l\u00e9gu\u00e9 charg\u00e9 des Statistiques et de la Prospective.L\u2019initiative du pr\u00e9sident de la R\u00e9publique s\u2019explique par cette volont\u00e9 de redonner \u00e0 cette dimension un r\u00f4le dans la perception des projections socio-\u00e9conomiques du pays en mati\u00e8re de [&hellip;]<\/p>\n","protected":false},"author":1744,"featured_media":0,"comment_status":"closed","ping_status":"closed","sticky":false,"template":"","format":"standard","meta":{"fifu_image_url":"","fifu_image_alt":"","footnotes":""},"categories":[73,53],"tags":[],"class_list":["post-72119","post","type-post","status-publish","format-standard","hentry","category-actualite","category-algerie"],"_links":{"self":[{"href":"https:\/\/linitiative.ca\/International\/wp-json\/wp\/v2\/posts\/72119","targetHints":{"allow":["GET"]}}],"collection":[{"href":"https:\/\/linitiative.ca\/International\/wp-json\/wp\/v2\/posts"}],"about":[{"href":"https:\/\/linitiative.ca\/International\/wp-json\/wp\/v2\/types\/post"}],"author":[{"embeddable":true,"href":"https:\/\/linitiative.ca\/International\/wp-json\/wp\/v2\/users\/1744"}],"replies":[{"embeddable":true,"href":"https:\/\/linitiative.ca\/International\/wp-json\/wp\/v2\/comments?post=72119"}],"version-history":[{"count":0,"href":"https:\/\/linitiative.ca\/International\/wp-json\/wp\/v2\/posts\/72119\/revisions"}],"wp:attachment":[{"href":"https:\/\/linitiative.ca\/International\/wp-json\/wp\/v2\/media?parent=72119"}],"wp:term":[{"taxonomy":"category","embeddable":true,"href":"https:\/\/linitiative.ca\/International\/wp-json\/wp\/v2\/categories?post=72119"},{"taxonomy":"post_tag","embeddable":true,"href":"https:\/\/linitiative.ca\/International\/wp-json\/wp\/v2\/tags?post=72119"}],"curies":[{"name":"wp","href":"https:\/\/api.w.org\/{rel}","templated":true}]}}