{"id":72128,"date":"2020-01-04T11:15:00","date_gmt":"2020-01-04T16:15:00","guid":{"rendered":"https:\/\/linitiative.ca\/International\/naima-salhi-poursuivie-en-justice-par-mourad-amiri\/"},"modified":"2020-01-04T11:15:00","modified_gmt":"2020-01-04T16:15:00","slug":"naima-salhi-poursuivie-en-justice-par-mourad-amiri","status":"publish","type":"post","link":"https:\/\/linitiative.ca\/International\/naima-salhi-poursuivie-en-justice-par-mourad-amiri\/","title":{"rendered":"Naima Salhi poursuivie en justice par Mourad Amiri"},"content":{"rendered":"<p><br id=\"sep_para_1\" class=\"sep_para access\"\/><\/p>\n<div id=\"para_1\" class=\"para_34818592 resize\">\n<div class=\"photo shadow left\"><a href=\"javascript:void(0)\" rel=\"https:\/\/www.reflexiondz.net\/photo\/art\/grande\/41394726-34818592.jpg?v=1578168930&#038;ibox\" title=\"Naima Salhi poursuivie en justice par Mourad Amiri\"><img decoding=\"async\" class=\"responsive c9\" src=\"https:\/\/www.reflexiondz.net\/photo\/art\/grande\/41394726-34818592.jpg?v=1578168930\" alt=\"Naima Salhi poursuivie en justice par Mourad Amiri\" title=\"Naima Salhi poursuivie en justice par Mourad Amiri\"\/><img decoding=\"async\" class=\"not-responsive\" src=\"https:\/\/www.reflexiondz.net\/photo\/art\/default\/41394726-34818592.jpg?v=1578168931\" alt=\"Naima Salhi poursuivie en justice par Mourad Amiri\" title=\"Naima Salhi poursuivie en justice par Mourad Amiri\"\/><\/a><\/div>\n<div class=\"texte access firstletter\">C\u2019est suite \u00e0 une publication sur la page de son parti et un live le 25 septembre dernier, o\u00f9 Naima Salhi lance de graves accusations envers Mourad Amiri militant et ex-fonctionnaire du minist\u00e8re de l\u2019int\u00e9rieur, l\u2019accusant de tra\u00eetrise, et de complot contre l\u2019Alg\u00e9rie allant jusqu\u2019\u00e0 appeler Feu Gaid Saleh \u00e0 proc\u00e9der \u00e0 son arrestation, Mourad Amiri a charg\u00e9 un collectif d\u2019avocat de r\u00e9diger une plainte qui sera d\u00e9pos\u00e9e au cours de la semaine prochaine, aupr\u00e8s du Tribunal de Sidi M\u2019hamed.\u00a0 \u00ab Les all\u00e9gations port\u00e9es \u00e0 l\u2019encontre de ma personne sont inadmissibles, d\u2019ailleurs tout ce qui dit cette soit disant d\u00e9put\u00e9e est incapable, elle est un v\u00e9ritable danger pour l\u2019unit\u00e9 nationale, la justice devra se saisir, elle attaque \u00e0 tord et travers tout le monde, ce qui ouvre la porte de la d\u00e9rive et du racisme, sa condamnation devra servir de le\u00e7on\u00bb, affirme Mourad Amiri. Avant d\u2019ajouter que\u00a0 \u00bb la plainte sera d\u00e9pos\u00e9e en son nom propre\u00bb. Pour rappel, Mourad Amiri \u00e9tait cadre technicien principal des transmissions, exer\u00e7ant \u00e0 la direction g\u00e9n\u00e9rale des t\u00e9l\u00e9communications au minist\u00e8re de l\u2019int\u00e9rieur, avant d\u2019\u00eatre suspendu de ses fonctions le 7 juillet dernier par l\u2019ex ministre de ce d\u00e9partement Salaheddine Dahmoune.<\/div>\n<\/div>\n<p>Auteur: R\u00e9flexion<br \/>\n<a href=\"https:\/\/www.reflexiondz.net\/Naima-Salhi-poursuivie-en-justice-par-Mourad-Amiri_a59803.html\">Cliquez ici pour lire l&rsquo;article depuis sa source.<\/a><\/p>\n","protected":false},"excerpt":{"rendered":"<p>C\u2019est suite \u00e0 une publication sur la page de son parti et un live le 25 septembre dernier, o\u00f9 Naima Salhi lance de graves accusations envers Mourad Amiri militant et ex-fonctionnaire du minist\u00e8re de l\u2019int\u00e9rieur, l\u2019accusant de tra\u00eetrise, et de complot contre l\u2019Alg\u00e9rie allant jusqu\u2019\u00e0 appeler Feu Gaid Saleh \u00e0 proc\u00e9der \u00e0 son arrestation, Mourad [&hellip;]<\/p>\n","protected":false},"author":1740,"featured_media":0,"comment_status":"closed","ping_status":"closed","sticky":false,"template":"","format":"standard","meta":{"fifu_image_url":"","fifu_image_alt":"","footnotes":""},"categories":[53,76],"tags":[],"class_list":["post-72128","post","type-post","status-publish","format-standard","hentry","category-algerie","category-regions"],"_links":{"self":[{"href":"https:\/\/linitiative.ca\/International\/wp-json\/wp\/v2\/posts\/72128","targetHints":{"allow":["GET"]}}],"collection":[{"href":"https:\/\/linitiative.ca\/International\/wp-json\/wp\/v2\/posts"}],"about":[{"href":"https:\/\/linitiative.ca\/International\/wp-json\/wp\/v2\/types\/post"}],"author":[{"embeddable":true,"href":"https:\/\/linitiative.ca\/International\/wp-json\/wp\/v2\/users\/1740"}],"replies":[{"embeddable":true,"href":"https:\/\/linitiative.ca\/International\/wp-json\/wp\/v2\/comments?post=72128"}],"version-history":[{"count":0,"href":"https:\/\/linitiative.ca\/International\/wp-json\/wp\/v2\/posts\/72128\/revisions"}],"wp:attachment":[{"href":"https:\/\/linitiative.ca\/International\/wp-json\/wp\/v2\/media?parent=72128"}],"wp:term":[{"taxonomy":"category","embeddable":true,"href":"https:\/\/linitiative.ca\/International\/wp-json\/wp\/v2\/categories?post=72128"},{"taxonomy":"post_tag","embeddable":true,"href":"https:\/\/linitiative.ca\/International\/wp-json\/wp\/v2\/tags?post=72128"}],"curies":[{"name":"wp","href":"https:\/\/api.w.org\/{rel}","templated":true}]}}