{"id":72129,"date":"2020-01-04T14:36:32","date_gmt":"2020-01-04T19:36:32","guid":{"rendered":"https:\/\/linitiative.ca\/International\/bensalah-quitte-la-vie-politique\/"},"modified":"2020-01-04T14:36:32","modified_gmt":"2020-01-04T19:36:32","slug":"bensalah-quitte-la-vie-politique","status":"publish","type":"post","link":"https:\/\/linitiative.ca\/International\/bensalah-quitte-la-vie-politique\/","title":{"rendered":"Bensalah quitte la vie politique"},"content":{"rendered":"<p>Le pr\u00e9sident du Conseil de la nation, Abdelkader Bensalah, apr\u00e8s une vingtaine d\u2019ann\u00e9es \u00e0 la t\u00eate de la chambre haute du Parlement, fait part de son intention de quitter la vie politique.<br \/>C\u2019est par le bais d\u2019une lettre de d\u00e9mission officielle adress\u00e9e ce samedi au pr\u00e9sident de la R\u00e9publique que Bensalah a d\u00e9voil\u00e9 sa volont\u00e9 de partir \u00ab\u00a0en retraite\u00a0\u00bb.<br \/>En r\u00e9action \u00e0 cette lettre, le pr\u00e9sident Abdelmadjid Tebboune a r\u00e9it\u00e9r\u00e9 sa \u00ab\u00a0gratitude pour votre loyaut\u00e9 au service de l\u2019institution parlementaire, de l\u2019Etat et du peuple. L\u2019histoire retiendra in\u00e9vitablement que vous avez toujours \u00e9t\u00e9 l\u2019homme de la situation\u00a0\u00bb.<br \/>\u00ab\u00a0En vous remerciant de m\u2019informer en premier de votre d\u00e9cision, je tiens \u00e0 vous r\u00e9it\u00e9rer ma profonde gratitude et la reconnaissance de la patrie pour votre d\u00e9vouement et abn\u00e9gation au service de l\u2019institution parlementaire, de l\u2019Etat alg\u00e9rien et de notre peuple. L\u2019histoire retiendra, incontestablement, que vous n\u2019avez eu de cesse d\u2019\u00eatre l\u2019homme de la situation \u00e0 chaque fois que le pays a fait appel \u00e0 vous\u00a0\u00bb, dit le pr\u00e9sident.<br \/>Il faut dire que le pr\u00e9sident du Conseil de la nation, Bensalah, a d\u00fb prendre une telle d\u00e9cision apr\u00e8s presque une ann\u00e9e de pression qu\u2019il a subie en assurant le poste de chef de l\u2019Etat suite \u00e0 la d\u00e9mission du pr\u00e9sident d\u00e9chu Abdelaziz Bouteflika. Une ann\u00e9e de bouillonnement et d\u2019instabilit\u00e9 politique qui devait \u00eatre des plus \u00e9prouvantes pour une personne dont l\u2019\u00e2ge (78 ans) et l\u2019\u00e9tat de sant\u00e9 en d\u00e9gradation ne lui permettaient pas d\u2019assurer une charge d\u2019une telle envergure. De plus, il devait \u00e9galement subir toute la pression face au mouvement de contestation d\u00e9clench\u00e9 le 22 f\u00e9vrier 2019 et qui prenait de l\u2019ampleur, \u00e0 tel point qu\u2019il est devenu lui-m\u00eame l\u2019une des cibles du hirak.<br \/>En effet, la gestion de la crise que traverse le pays n\u2019a pas \u00e9t\u00e9 une sin\u00e9cure pour lui avec la succession d\u2019\u00e9v\u00e8nements et la tournure qu\u2019ont prise les choses et qui ont conduit le pays \u00e0 une situation d\u2019impasse.<br \/>Il devait ainsi jeter des ponts de dialogue national avec les diff\u00e9rentes dynamiques de la soci\u00e9t\u00e9 et surtout avec les \u00ab\u00a0hirakistes\u00a0\u00bb dans le souci de trouver une solution consensuelle \u00e0 la crise politique. Un dialogue auquel il a appel\u00e9 au lendemain de l\u2019annulation pr\u00e9visible de l\u2019\u00e9lection pr\u00e9sidentielle du 4 juillet 2019, avec comme objectif d\u2019aller \u00e0 une conf\u00e9rence nationale devant regrouper sans exclusive toutes les couleurs politiques et toutes les ob\u00e9diences id\u00e9ologiques.\u00a0Bensalah et dans le sillage de sa mission a re\u00e7u, le 25 juillet au si\u00e8ge de la pr\u00e9sidence la R\u00e9publique, le panel de Karim Younes qui a conduit le processus de m\u00e9diation et de dialogue, violemment d\u00e9cri\u00e9 et contest\u00e9 par la rue.<br \/>Connu pour son caract\u00e8re effac\u00e9 et d\u2019une nature r\u00e9serv\u00e9e, l\u2019homme a d\u00fb faire plus d\u2019efforts et tenir bon jusqu\u2019\u00e0 la fin de sa mission dont l\u2019objectif principal \u00e9tait la tenue d\u2019une pr\u00e9sidentielle comme solution idoine sans sortir du cadre constitutionnel.<br \/>Pour m\u00e9moire, Bensalah a \u00e9t\u00e9 le pr\u00e9sident du Conseil national de transition (CNT) entre 1994 et 1997, structure cr\u00e9\u00e9e suite \u00e0 l\u2019interruption du processus \u00e9lectoral de 1991.<br \/>Il a particip\u00e9 en 1997 \u00e0 la cr\u00e9ation du Rassemblement national d\u00e9mocratique (RND),. Il en est devenu le secr\u00e9taire g\u00e9n\u00e9ral \u00e0 deux reprises entre sa cr\u00e9ation et 2015. Le RND ayant remport\u00e9 les \u00e9lections l\u00e9gislatives de 1997, il acc\u00e8de \u00e0 la pr\u00e9sidence de l\u2019Assembl\u00e9e populaire nationale (APN), la chambre basse tout juste restaur\u00e9e, dont il avait pr\u00e9c\u00e9demment pr\u00e9sid\u00e9 la commission des Affaires \u00e9trang\u00e8res. Il quitte sa fonction apr\u00e8s la d\u00e9faite de son parti aux l\u00e9gislatives de 2002. \u00c9tant proche de Bouteflika, Bensalah a \u00e9t\u00e9 d\u00e9sign\u00e9 deuxi\u00e8me homme de l\u2019Etat en juillet 2002 jusqu\u2019\u00e0 ce qu\u2019il d\u00e9cide de sa propre volont\u00e9 de quitter les arcanes du Parlement.<\/p>\n<p>Auteur: Boudjedri<br \/>\n<a href=\"http:\/\/www.jeune-independant.net\/Bensalah-quitte-la-vie-politique.html\">Cliquez ici pour lire l&rsquo;article depuis sa source.<\/a><\/p>\n","protected":false},"excerpt":{"rendered":"<p>Le pr\u00e9sident du Conseil de la nation, Abdelkader Bensalah, apr\u00e8s une vingtaine d\u2019ann\u00e9es \u00e0 la t\u00eate de la chambre haute du Parlement, fait part de son intention de quitter la vie politique.C\u2019est par le bais d\u2019une lettre de d\u00e9mission officielle adress\u00e9e ce samedi au pr\u00e9sident de la R\u00e9publique que Bensalah a d\u00e9voil\u00e9 sa volont\u00e9 de [&hellip;]<\/p>\n","protected":false},"author":1737,"featured_media":0,"comment_status":"closed","ping_status":"closed","sticky":false,"template":"","format":"standard","meta":{"fifu_image_url":"","fifu_image_alt":"","footnotes":""},"categories":[73,53],"tags":[],"class_list":["post-72129","post","type-post","status-publish","format-standard","hentry","category-actualite","category-algerie"],"_links":{"self":[{"href":"https:\/\/linitiative.ca\/International\/wp-json\/wp\/v2\/posts\/72129","targetHints":{"allow":["GET"]}}],"collection":[{"href":"https:\/\/linitiative.ca\/International\/wp-json\/wp\/v2\/posts"}],"about":[{"href":"https:\/\/linitiative.ca\/International\/wp-json\/wp\/v2\/types\/post"}],"author":[{"embeddable":true,"href":"https:\/\/linitiative.ca\/International\/wp-json\/wp\/v2\/users\/1737"}],"replies":[{"embeddable":true,"href":"https:\/\/linitiative.ca\/International\/wp-json\/wp\/v2\/comments?post=72129"}],"version-history":[{"count":0,"href":"https:\/\/linitiative.ca\/International\/wp-json\/wp\/v2\/posts\/72129\/revisions"}],"wp:attachment":[{"href":"https:\/\/linitiative.ca\/International\/wp-json\/wp\/v2\/media?parent=72129"}],"wp:term":[{"taxonomy":"category","embeddable":true,"href":"https:\/\/linitiative.ca\/International\/wp-json\/wp\/v2\/categories?post=72129"},{"taxonomy":"post_tag","embeddable":true,"href":"https:\/\/linitiative.ca\/International\/wp-json\/wp\/v2\/tags?post=72129"}],"curies":[{"name":"wp","href":"https:\/\/api.w.org\/{rel}","templated":true}]}}